
			
				

					
				

			
		{"items":"\n\t\t\t\t\t\t\t\t\t\t\t\n<article id=\"post-7919\" class=\"wd-post blog-design-masonry blog-post-loop blog-style-bg wd-add-shadow wd-col post-7919 post type-post status-publish format-standard has-post-thumbnail hentry category-ako-pestovat-a-sadit category-zelenina tag-ako-pestovat tag-ako-pestovat-zeleninu tag-ako-sadit\">\n\t<div class=\"article-inner\">\n\t\t<header class=\"entry-header\">\n\t\t\t\t\t\t\t<figure class=\"entry-thumbnail\">\n\t\t\t\t\t\t\t\t\t\t\t<div class=\"post-img-wrapp\">\n\t\t\t\t\t\t\t<a href=\"https:\/\/kalendarzahrady.sk\/ako-sadit-a-pestovat-hrach\/\">\n\t\t\t\t\t\t\t\t<img width=\"1200\" height=\"800\" src=\"https:\/\/kalendarzahrady.sk\/wp-content\/uploads\/2024\/01\/ako-sadit-hrach-ako-pestovat-hrach-1200x800.webp\" class=\"attachment-large size-large\" alt=\"Ako sadi\u0165 hrach a ako pestova\u0165 hrach\" decoding=\"async\" fetchpriority=\"high\" srcset=\"https:\/\/kalendarzahrady.sk\/wp-content\/uploads\/2024\/01\/ako-sadit-hrach-ako-pestovat-hrach-1200x800.webp 1200w, https:\/\/kalendarzahrady.sk\/wp-content\/uploads\/2024\/01\/ako-sadit-hrach-ako-pestovat-hrach-400x267.webp 400w, https:\/\/kalendarzahrady.sk\/wp-content\/uploads\/2024\/01\/ako-sadit-hrach-ako-pestovat-hrach-768x512.webp 768w, https:\/\/kalendarzahrady.sk\/wp-content\/uploads\/2024\/01\/ako-sadit-hrach-ako-pestovat-hrach-860x573.webp 860w, https:\/\/kalendarzahrady.sk\/wp-content\/uploads\/2024\/01\/ako-sadit-hrach-ako-pestovat-hrach-430x287.webp 430w, https:\/\/kalendarzahrady.sk\/wp-content\/uploads\/2024\/01\/ako-sadit-hrach-ako-pestovat-hrach-700x466.webp 700w, https:\/\/kalendarzahrady.sk\/wp-content\/uploads\/2024\/01\/ako-sadit-hrach-ako-pestovat-hrach-150x100.webp 150w, https:\/\/kalendarzahrady.sk\/wp-content\/uploads\/2024\/01\/ako-sadit-hrach-ako-pestovat-hrach-jpg.webp 1280w\" sizes=\"(max-width: 1200px) 100vw, 1200px\" \/>\t\t\t\t\t\t\t<\/a>\n\t\t\t\t\t\t<\/div>\n\t\t\t\t\t\t<div class=\"post-image-mask\">\n\t\t\t\t\t\t\t<span><\/span>\n\t\t\t\t\t\t<\/div>\n\t\t\t\t\t\t\t\t\t<\/figure>\n\t\t\t\n\t\t\t\t\t\t<div class=\"wd-post-date wd-style-with-bg\">\n\t\t\t\t<span class=\"post-date-day\">\n\t\t\t\t\t01\t\t\t\t<\/span>\n\t\t\t\t<span class=\"post-date-month\">\n\t\t\t\t\tjan\t\t\t\t<\/span>\n\t\t\t<\/div>\n\t\t\t\t<\/header>\n\n\t\t<div class=\"article-body-container\">\n\t\t\t\t\t\t\t<div class=\"meta-categories-wrapp\">\n\t\t\t\t\t<div class=\"meta-post-categories wd-post-cat wd-style-with-bg\">\n\t\t\t\t\t\t<a href=\"https:\/\/kalendarzahrady.sk\/clanky\/ako-pestovat-a-sadit\/\" rel=\"category tag\">Ako pestova\u0165 a sadi\u0165<\/a>, <a href=\"https:\/\/kalendarzahrady.sk\/clanky\/zelenina\/\" rel=\"category tag\">Zelenina<\/a>\t\t\t\t\t<\/div>\n\t\t\t\t<\/div>\n\t\t\t\n\t\t\t\t\t\t\t<h3 class=\"wd-entities-title title post-title\">\n\t\t\t\t\t<a href=\"https:\/\/kalendarzahrady.sk\/ako-sadit-a-pestovat-hrach\/\" rel=\"bookmark\">Ako \u00faspe\u0161ne sadi\u0165 a pestova\u0165 hrach<\/a>\n\t\t\t\t<\/h3>\n\t\t\t\n\t\t\t\t\t\t\t<div class=\"entry-meta wd-entry-meta\">\n\t\t\t\t\t\t\t\t<ul class=\"entry-meta-list\">\n\t\t\t\t\t\t\t\t\t<li class=\"modified-date\">\n\t\t\t\t\t\t\t\t<time class=\"updated\" datetime=\"2024-01-01T14:55:00+01:00\">\n\t\t\t1. janu\u00e1ra 2024\t\t<\/time>\n\t\t\t\t\t\t\t<\/li>\n\n\t\t\t\t\t\n\t\t\t\t\t\t\t\t\t\t\t<li class=\"meta-author\">\n\t\t\t\t\t\t\t\t\t\t\t\t<span>By<\/span>\n\t\t\n\t\t\t\t\t<img alt='author-avatar' src='https:\/\/secure.gravatar.com\/avatar\/75720416be2b5e3608639cb9ba03b6dd?s=32&#038;d=mm&#038;r=g' srcset='https:\/\/secure.gravatar.com\/avatar\/75720416be2b5e3608639cb9ba03b6dd?s=64&#038;d=mm&#038;r=g 2x' class='avatar avatar-32 photo' height='32' width='32' decoding='async'\/>\t\t\n\t\t<a href=\"https:\/\/kalendarzahrady.sk\/author\/admin-zahr\/\" class=\"author\" rel=\"author\">kalendarzahrady.sk<\/a>\n\t\t\t\t\t\t\t\t<\/li>\n\t\t\t\t\t\n\t\t\t\t\t\n\t\t\t\t\t\t\t\t\t\t\t\t<\/ul>\n\t\t\t\t\t\t<\/div>\n\t\t\t\t\t\t\t\t\t<div class=\"hovered-social-icons wd-tltp\">\n\t\t\t\t\t\t<div class=\"tooltip top\">\n\t\t\t\t\t\t\t<div class=\"tooltip-arrow\"><\/div>\n\t\t\t\t\t\t\t<div class=\"tooltip-inner\">\n\t\t\t\t\t\t\t\t\t\t\t<link rel=\"stylesheet\" id=\"wd-social-icons-css\" href=\"https:\/\/kalendarzahrady.sk\/wp-content\/themes\/woodmart\/css\/parts\/el-social-icons.min.css?ver=8.0.6\" type=\"text\/css\" media=\"all\" \/> \t\t\t\t\t\t<div id=\"\" class=\" wd-social-icons  wd-style-default wd-size-small social-share wd-shape-circle color-scheme-light text-center\">\n\t\t\t\t\n\t\t\t\t\n\t\t\t\t\t\t\t\t\t<a rel=\"noopener noreferrer nofollow\" href=\"https:\/\/www.facebook.com\/sharer\/sharer.php?u=https:\/\/kalendarzahrady.sk\/clanky\/zelenina\/\" target=\"_blank\" class=\" wd-social-icon social-facebook\" aria-label=\"Facebook social link\">\n\t\t\t\t\t\t<span class=\"wd-icon\"><\/span>\n\t\t\t\t\t\t\t\t\t\t\t<\/a>\n\t\t\t\t\n\t\t\t\t\t\t\t\t\t<a rel=\"noopener noreferrer nofollow\" href=\"https:\/\/x.com\/share?url=https:\/\/kalendarzahrady.sk\/clanky\/zelenina\/\" target=\"_blank\" class=\" wd-social-icon social-twitter\" aria-label=\"X social link\">\n\t\t\t\t\t\t<span class=\"wd-icon\"><\/span>\n\t\t\t\t\t\t\t\t\t\t\t<\/a>\n\t\t\t\t\n\t\t\t\t\n\t\t\t\t\n\t\t\t\t\n\t\t\t\t\t\t\t\t\t<a rel=\"noopener noreferrer nofollow\" href=\"https:\/\/pinterest.com\/pin\/create\/button\/?url=https:\/\/kalendarzahrady.sk\/clanky\/zelenina\/&media=https:\/\/kalendarzahrady.sk\/wp-content\/uploads\/2024\/01\/ako-sadit-hrach-ako-pestovat-hrach-jpg.webp&description=Ako+%C3%BAspe%C5%A1ne+sadi%C5%A5+a+pestova%C5%A5+hrach\" target=\"_blank\" class=\" wd-social-icon social-pinterest\" aria-label=\"Pinterest social link\">\n\t\t\t\t\t\t<span class=\"wd-icon\"><\/span>\n\t\t\t\t\t\t\t\t\t\t\t<\/a>\n\t\t\t\t\n\t\t\t\t\n\t\t\t\t\t\t\t\t\t<a rel=\"noopener noreferrer nofollow\" href=\"https:\/\/www.linkedin.com\/shareArticle?mini=true&url=https:\/\/kalendarzahrady.sk\/clanky\/zelenina\/\" target=\"_blank\" class=\" wd-social-icon social-linkedin\" aria-label=\"Linkedin social link\">\n\t\t\t\t\t\t<span class=\"wd-icon\"><\/span>\n\t\t\t\t\t\t\t\t\t\t\t<\/a>\n\t\t\t\t\n\t\t\t\t\n\t\t\t\t\n\t\t\t\t\n\t\t\t\t\n\t\t\t\t\n\t\t\t\t\n\t\t\t\t\n\t\t\t\t\n\t\t\t\t\n\t\t\t\t\t\t\t\t\t<a rel=\"noopener noreferrer nofollow\" href=\"https:\/\/api.whatsapp.com\/send?text=https%3A%2F%2Fkalendarzahrady.sk%2Fclanky%2Fzelenina%2F\" target=\"_blank\" class=\"wd-hide-md  wd-social-icon social-whatsapp\" aria-label=\"WhatsApp social link\">\n\t\t\t\t\t\t<span class=\"wd-icon\"><\/span>\n\t\t\t\t\t\t\t\t\t\t\t<\/a>\n\n\t\t\t\t\t<a rel=\"noopener noreferrer nofollow\" href=\"whatsapp:\/\/send?text=https%3A%2F%2Fkalendarzahrady.sk%2Fclanky%2Fzelenina%2F\" target=\"_blank\" class=\"wd-hide-lg  wd-social-icon social-whatsapp\" aria-label=\"WhatsApp social link\">\n\t\t\t\t\t\t<span class=\"wd-icon\"><\/span>\n\t\t\t\t\t\t\t\t\t\t\t<\/a>\n\t\t\t\t\n\t\t\t\t\n\t\t\t\t\n\t\t\t\t\n\t\t\t\t\n\t\t\t\t\n\t\t\t\t\t\t\t\t\t<a rel=\"noopener noreferrer nofollow\" href=\"https:\/\/telegram.me\/share\/url?url=https:\/\/kalendarzahrady.sk\/clanky\/zelenina\/\" target=\"_blank\" class=\" wd-social-icon social-tg\" aria-label=\"Telegram social link\">\n\t\t\t\t\t\t<span class=\"wd-icon\"><\/span>\n\t\t\t\t\t\t\t\t\t\t\t<\/a>\n\t\t\t\t\n\t\t\t\t\n\t\t\t<\/div>\n\n\t\t\t\t\t\t\t\t\t<\/div>\n\t\t\t\t\t\t<\/div>\n\t\t\t\t\t<\/div>\n\t\t\t\t\t\t\t\n\t\t\t\t\t\t\t\t\t\t\t\t<div class=\"entry-content wd-post-desc\">\n\t\t\t\t\t\tV tomto \u010dl\u00e1nku si povieme ako sadi\u0165 a pestova\u0165 hrach od samotn\u00e9ho zalo\u017eenia a\u017e po o\u010dak\u00e1van\u00fa \u00farodu. D...\t\t\t\t\t<\/div>\n\t\t\t\t\n\t\t\t\t\t\t\t\t\t\t\t\t\t\t<p class=\"read-more-section\">\n\t\t\t\t\t\t<a class=\"btn-read-more more-link\" href=\"https:\/\/kalendarzahrady.sk\/ako-sadit-a-pestovat-hrach\/\">Pokra\u010dova\u0165 v \u010d\u00edtan\u00ed<\/a>\t\t\t\t\t<\/p>\n\t\t\t\t\t\t\t\t\t\t\t\t\t<\/div>\n\t<\/div>\n<\/article>\n\n\t\t\t\t\t\t\t\t\t\t\t\n<article id=\"post-7907\" class=\"wd-post blog-design-masonry blog-post-loop blog-style-bg wd-add-shadow wd-col post-7907 post type-post status-publish format-standard has-post-thumbnail hentry category-ako-pestovat-a-sadit category-zelenina tag-ako-pestovat tag-ako-pestovat-zeleninu tag-ako-sadit\">\n\t<div class=\"article-inner\">\n\t\t<header class=\"entry-header\">\n\t\t\t\t\t\t\t<figure class=\"entry-thumbnail\">\n\t\t\t\t\t\t\t\t\t\t\t<div class=\"post-img-wrapp\">\n\t\t\t\t\t\t\t<a href=\"https:\/\/kalendarzahrady.sk\/ako-sadit-a-ako-pestovat-papriky\/\">\n\t\t\t\t\t\t\t\t<img width=\"1067\" height=\"800\" src=\"https:\/\/kalendarzahrady.sk\/wp-content\/uploads\/2023\/12\/ako-sadit-papriky-1-1067x800.webp\" class=\"attachment-large size-large\" alt=\"Ako sadi\u0165 papriky a ako pestova\u0165 papriky\" decoding=\"async\" srcset=\"https:\/\/kalendarzahrady.sk\/wp-content\/uploads\/2023\/12\/ako-sadit-papriky-1-1067x800.webp 1067w, https:\/\/kalendarzahrady.sk\/wp-content\/uploads\/2023\/12\/ako-sadit-papriky-1-400x300.webp 400w, https:\/\/kalendarzahrady.sk\/wp-content\/uploads\/2023\/12\/ako-sadit-papriky-1-768x576.webp 768w, https:\/\/kalendarzahrady.sk\/wp-content\/uploads\/2023\/12\/ako-sadit-papriky-1-860x645.webp 860w, https:\/\/kalendarzahrady.sk\/wp-content\/uploads\/2023\/12\/ako-sadit-papriky-1-430x323.webp 430w, https:\/\/kalendarzahrady.sk\/wp-content\/uploads\/2023\/12\/ako-sadit-papriky-1-700x525.webp 700w, https:\/\/kalendarzahrady.sk\/wp-content\/uploads\/2023\/12\/ako-sadit-papriky-1-150x113.webp 150w, https:\/\/kalendarzahrady.sk\/wp-content\/uploads\/2023\/12\/ako-sadit-papriky-1-jpg.webp 1280w\" sizes=\"(max-width: 1067px) 100vw, 1067px\" \/>\t\t\t\t\t\t\t<\/a>\n\t\t\t\t\t\t<\/div>\n\t\t\t\t\t\t<div class=\"post-image-mask\">\n\t\t\t\t\t\t\t<span><\/span>\n\t\t\t\t\t\t<\/div>\n\t\t\t\t\t\t\t\t\t<\/figure>\n\t\t\t\n\t\t\t\t\t\t<div class=\"wd-post-date wd-style-with-bg\">\n\t\t\t\t<span class=\"post-date-day\">\n\t\t\t\t\t30\t\t\t\t<\/span>\n\t\t\t\t<span class=\"post-date-month\">\n\t\t\t\t\tdec\t\t\t\t<\/span>\n\t\t\t<\/div>\n\t\t\t\t<\/header>\n\n\t\t<div class=\"article-body-container\">\n\t\t\t\t\t\t\t<div class=\"meta-categories-wrapp\">\n\t\t\t\t\t<div class=\"meta-post-categories wd-post-cat wd-style-with-bg\">\n\t\t\t\t\t\t<a href=\"https:\/\/kalendarzahrady.sk\/clanky\/ako-pestovat-a-sadit\/\" rel=\"category tag\">Ako pestova\u0165 a sadi\u0165<\/a>, <a href=\"https:\/\/kalendarzahrady.sk\/clanky\/zelenina\/\" rel=\"category tag\">Zelenina<\/a>\t\t\t\t\t<\/div>\n\t\t\t\t<\/div>\n\t\t\t\n\t\t\t\t\t\t\t<h3 class=\"wd-entities-title title post-title\">\n\t\t\t\t\t<a href=\"https:\/\/kalendarzahrady.sk\/ako-sadit-a-ako-pestovat-papriky\/\" rel=\"bookmark\">Ako sadi\u0165 a ako pestova\u0165 papriky<\/a>\n\t\t\t\t<\/h3>\n\t\t\t\n\t\t\t\t\t\t\t<div class=\"entry-meta wd-entry-meta\">\n\t\t\t\t\t\t\t\t<ul class=\"entry-meta-list\">\n\t\t\t\t\t\t\t\t\t<li class=\"modified-date\">\n\t\t\t\t\t\t\t\t<time class=\"updated\" datetime=\"2024-02-03T12:35:25+01:00\">\n\t\t\t3. febru\u00e1ra 2024\t\t<\/time>\n\t\t\t\t\t\t\t<\/li>\n\n\t\t\t\t\t\n\t\t\t\t\t\t\t\t\t\t\t<li class=\"meta-author\">\n\t\t\t\t\t\t\t\t\t\t\t\t<span>By<\/span>\n\t\t\n\t\t\t\t\t<img alt='author-avatar' src='https:\/\/secure.gravatar.com\/avatar\/75720416be2b5e3608639cb9ba03b6dd?s=32&#038;d=mm&#038;r=g' srcset='https:\/\/secure.gravatar.com\/avatar\/75720416be2b5e3608639cb9ba03b6dd?s=64&#038;d=mm&#038;r=g 2x' class='avatar avatar-32 photo' height='32' width='32' loading='lazy' decoding='async'\/>\t\t\n\t\t<a href=\"https:\/\/kalendarzahrady.sk\/author\/admin-zahr\/\" class=\"author\" rel=\"author\">kalendarzahrady.sk<\/a>\n\t\t\t\t\t\t\t\t<\/li>\n\t\t\t\t\t\n\t\t\t\t\t\n\t\t\t\t\t\t\t\t\t\t\t\t<\/ul>\n\t\t\t\t\t\t<\/div>\n\t\t\t\t\t\t\t\t\t<div class=\"hovered-social-icons wd-tltp\">\n\t\t\t\t\t\t<div class=\"tooltip top\">\n\t\t\t\t\t\t\t<div class=\"tooltip-arrow\"><\/div>\n\t\t\t\t\t\t\t<div class=\"tooltip-inner\">\n\t\t\t\t\t\t\t\t\t\t\t<div id=\"\" class=\" wd-social-icons  wd-style-default wd-size-small social-share wd-shape-circle color-scheme-light text-center\">\n\t\t\t\t\n\t\t\t\t\n\t\t\t\t\t\t\t\t\t<a rel=\"noopener noreferrer nofollow\" href=\"https:\/\/www.facebook.com\/sharer\/sharer.php?u=https:\/\/kalendarzahrady.sk\/clanky\/zelenina\/\" target=\"_blank\" class=\" wd-social-icon social-facebook\" aria-label=\"Facebook social link\">\n\t\t\t\t\t\t<span class=\"wd-icon\"><\/span>\n\t\t\t\t\t\t\t\t\t\t\t<\/a>\n\t\t\t\t\n\t\t\t\t\t\t\t\t\t<a rel=\"noopener noreferrer nofollow\" href=\"https:\/\/x.com\/share?url=https:\/\/kalendarzahrady.sk\/clanky\/zelenina\/\" target=\"_blank\" class=\" wd-social-icon social-twitter\" aria-label=\"X social link\">\n\t\t\t\t\t\t<span class=\"wd-icon\"><\/span>\n\t\t\t\t\t\t\t\t\t\t\t<\/a>\n\t\t\t\t\n\t\t\t\t\n\t\t\t\t\n\t\t\t\t\n\t\t\t\t\t\t\t\t\t<a rel=\"noopener noreferrer nofollow\" href=\"https:\/\/pinterest.com\/pin\/create\/button\/?url=https:\/\/kalendarzahrady.sk\/clanky\/zelenina\/&media=https:\/\/kalendarzahrady.sk\/wp-content\/uploads\/2023\/12\/ako-sadit-papriky-1-jpg.webp&description=Ako+sadi%C5%A5+a+ako+pestova%C5%A5+papriky\" target=\"_blank\" class=\" wd-social-icon social-pinterest\" aria-label=\"Pinterest social link\">\n\t\t\t\t\t\t<span class=\"wd-icon\"><\/span>\n\t\t\t\t\t\t\t\t\t\t\t<\/a>\n\t\t\t\t\n\t\t\t\t\n\t\t\t\t\t\t\t\t\t<a rel=\"noopener noreferrer nofollow\" href=\"https:\/\/www.linkedin.com\/shareArticle?mini=true&url=https:\/\/kalendarzahrady.sk\/clanky\/zelenina\/\" target=\"_blank\" class=\" wd-social-icon social-linkedin\" aria-label=\"Linkedin social link\">\n\t\t\t\t\t\t<span class=\"wd-icon\"><\/span>\n\t\t\t\t\t\t\t\t\t\t\t<\/a>\n\t\t\t\t\n\t\t\t\t\n\t\t\t\t\n\t\t\t\t\n\t\t\t\t\n\t\t\t\t\n\t\t\t\t\n\t\t\t\t\n\t\t\t\t\n\t\t\t\t\n\t\t\t\t\t\t\t\t\t<a rel=\"noopener noreferrer nofollow\" href=\"https:\/\/api.whatsapp.com\/send?text=https%3A%2F%2Fkalendarzahrady.sk%2Fclanky%2Fzelenina%2F\" target=\"_blank\" class=\"wd-hide-md  wd-social-icon social-whatsapp\" aria-label=\"WhatsApp social link\">\n\t\t\t\t\t\t<span class=\"wd-icon\"><\/span>\n\t\t\t\t\t\t\t\t\t\t\t<\/a>\n\n\t\t\t\t\t<a rel=\"noopener noreferrer nofollow\" href=\"whatsapp:\/\/send?text=https%3A%2F%2Fkalendarzahrady.sk%2Fclanky%2Fzelenina%2F\" target=\"_blank\" class=\"wd-hide-lg  wd-social-icon social-whatsapp\" aria-label=\"WhatsApp social link\">\n\t\t\t\t\t\t<span class=\"wd-icon\"><\/span>\n\t\t\t\t\t\t\t\t\t\t\t<\/a>\n\t\t\t\t\n\t\t\t\t\n\t\t\t\t\n\t\t\t\t\n\t\t\t\t\n\t\t\t\t\n\t\t\t\t\t\t\t\t\t<a rel=\"noopener noreferrer nofollow\" href=\"https:\/\/telegram.me\/share\/url?url=https:\/\/kalendarzahrady.sk\/clanky\/zelenina\/\" target=\"_blank\" class=\" wd-social-icon social-tg\" aria-label=\"Telegram social link\">\n\t\t\t\t\t\t<span class=\"wd-icon\"><\/span>\n\t\t\t\t\t\t\t\t\t\t\t<\/a>\n\t\t\t\t\n\t\t\t\t\n\t\t\t<\/div>\n\n\t\t\t\t\t\t\t\t\t<\/div>\n\t\t\t\t\t\t<\/div>\n\t\t\t\t\t<\/div>\n\t\t\t\t\t\t\t\n\t\t\t\t\t\t\t\t\t\t\t\t<div class=\"entry-content wd-post-desc\">\n\t\t\t\t\t\tAko sadi\u0165 a pestova\u0165 papriky sa dozviete v tomto \u010dl\u00e1nku, kde v\u00e1m predstav\u00edme krok za krokom postup, ...\t\t\t\t\t<\/div>\n\t\t\t\t\n\t\t\t\t\t\t\t\t\t\t\t\t\t\t<p class=\"read-more-section\">\n\t\t\t\t\t\t<a class=\"btn-read-more more-link\" href=\"https:\/\/kalendarzahrady.sk\/ako-sadit-a-ako-pestovat-papriky\/\">Pokra\u010dova\u0165 v \u010d\u00edtan\u00ed<\/a>\t\t\t\t\t<\/p>\n\t\t\t\t\t\t\t\t\t\t\t\t\t<\/div>\n\t<\/div>\n<\/article>\n\n\t\t\t\t\t\t\t\t\t\t\t\n<article id=\"post-7890\" class=\"wd-post blog-design-masonry blog-post-loop blog-style-bg wd-add-shadow wd-col post-7890 post type-post status-publish format-standard has-post-thumbnail hentry category-ako-pestovat-a-sadit category-zelenina tag-ako-pestovat tag-ako-pestovat-zeleninu tag-ako-sadit\">\n\t<div class=\"article-inner\">\n\t\t<header class=\"entry-header\">\n\t\t\t\t\t\t\t<figure class=\"entry-thumbnail\">\n\t\t\t\t\t\t\t\t\t\t\t<div class=\"post-img-wrapp\">\n\t\t\t\t\t\t\t<a href=\"https:\/\/kalendarzahrady.sk\/ako-pestovat-paradajky\/\">\n\t\t\t\t\t\t\t\t<img width=\"1203\" height=\"800\" src=\"https:\/\/kalendarzahrady.sk\/wp-content\/uploads\/2023\/12\/ako-pestovat-paradajky-1203x800.webp\" class=\"attachment-large size-large\" alt=\"Ako pestova\u0165 paradajky vo vlastnej z\u00e1hradke\" decoding=\"async\" loading=\"lazy\" srcset=\"https:\/\/kalendarzahrady.sk\/wp-content\/uploads\/2023\/12\/ako-pestovat-paradajky-1203x800.webp 1203w, https:\/\/kalendarzahrady.sk\/wp-content\/uploads\/2023\/12\/ako-pestovat-paradajky-400x266.webp 400w, https:\/\/kalendarzahrady.sk\/wp-content\/uploads\/2023\/12\/ako-pestovat-paradajky-768x511.webp 768w, https:\/\/kalendarzahrady.sk\/wp-content\/uploads\/2023\/12\/ako-pestovat-paradajky-860x572.webp 860w, https:\/\/kalendarzahrady.sk\/wp-content\/uploads\/2023\/12\/ako-pestovat-paradajky-430x286.webp 430w, https:\/\/kalendarzahrady.sk\/wp-content\/uploads\/2023\/12\/ako-pestovat-paradajky-700x465.webp 700w, https:\/\/kalendarzahrady.sk\/wp-content\/uploads\/2023\/12\/ako-pestovat-paradajky-150x100.webp 150w, https:\/\/kalendarzahrady.sk\/wp-content\/uploads\/2023\/12\/ako-pestovat-paradajky-jpg.webp 1280w\" sizes=\"auto, (max-width: 1203px) 100vw, 1203px\" \/>\t\t\t\t\t\t\t<\/a>\n\t\t\t\t\t\t<\/div>\n\t\t\t\t\t\t<div class=\"post-image-mask\">\n\t\t\t\t\t\t\t<span><\/span>\n\t\t\t\t\t\t<\/div>\n\t\t\t\t\t\t\t\t\t<\/figure>\n\t\t\t\n\t\t\t\t\t\t<div class=\"wd-post-date wd-style-with-bg\">\n\t\t\t\t<span class=\"post-date-day\">\n\t\t\t\t\t27\t\t\t\t<\/span>\n\t\t\t\t<span class=\"post-date-month\">\n\t\t\t\t\tdec\t\t\t\t<\/span>\n\t\t\t<\/div>\n\t\t\t\t<\/header>\n\n\t\t<div class=\"article-body-container\">\n\t\t\t\t\t\t\t<div class=\"meta-categories-wrapp\">\n\t\t\t\t\t<div class=\"meta-post-categories wd-post-cat wd-style-with-bg\">\n\t\t\t\t\t\t<a href=\"https:\/\/kalendarzahrady.sk\/clanky\/ako-pestovat-a-sadit\/\" rel=\"category tag\">Ako pestova\u0165 a sadi\u0165<\/a>, <a href=\"https:\/\/kalendarzahrady.sk\/clanky\/zelenina\/\" rel=\"category tag\">Zelenina<\/a>\t\t\t\t\t<\/div>\n\t\t\t\t<\/div>\n\t\t\t\n\t\t\t\t\t\t\t<h3 class=\"wd-entities-title title post-title\">\n\t\t\t\t\t<a href=\"https:\/\/kalendarzahrady.sk\/ako-pestovat-paradajky\/\" rel=\"bookmark\">Ako pestova\u0165 paradajky<\/a>\n\t\t\t\t<\/h3>\n\t\t\t\n\t\t\t\t\t\t\t<div class=\"entry-meta wd-entry-meta\">\n\t\t\t\t\t\t\t\t<ul class=\"entry-meta-list\">\n\t\t\t\t\t\t\t\t\t<li class=\"modified-date\">\n\t\t\t\t\t\t\t\t<time class=\"updated\" datetime=\"2024-02-03T12:36:45+01:00\">\n\t\t\t3. febru\u00e1ra 2024\t\t<\/time>\n\t\t\t\t\t\t\t<\/li>\n\n\t\t\t\t\t\n\t\t\t\t\t\t\t\t\t\t\t<li class=\"meta-author\">\n\t\t\t\t\t\t\t\t\t\t\t\t<span>By<\/span>\n\t\t\n\t\t\t\t\t<img alt='author-avatar' src='https:\/\/secure.gravatar.com\/avatar\/75720416be2b5e3608639cb9ba03b6dd?s=32&#038;d=mm&#038;r=g' srcset='https:\/\/secure.gravatar.com\/avatar\/75720416be2b5e3608639cb9ba03b6dd?s=64&#038;d=mm&#038;r=g 2x' class='avatar avatar-32 photo' height='32' width='32' loading='lazy' decoding='async'\/>\t\t\n\t\t<a href=\"https:\/\/kalendarzahrady.sk\/author\/admin-zahr\/\" class=\"author\" rel=\"author\">kalendarzahrady.sk<\/a>\n\t\t\t\t\t\t\t\t<\/li>\n\t\t\t\t\t\n\t\t\t\t\t\n\t\t\t\t\t\t\t\t\t\t\t\t<\/ul>\n\t\t\t\t\t\t<\/div>\n\t\t\t\t\t\t\t\t\t<div class=\"hovered-social-icons wd-tltp\">\n\t\t\t\t\t\t<div class=\"tooltip top\">\n\t\t\t\t\t\t\t<div class=\"tooltip-arrow\"><\/div>\n\t\t\t\t\t\t\t<div class=\"tooltip-inner\">\n\t\t\t\t\t\t\t\t\t\t\t<div id=\"\" class=\" wd-social-icons  wd-style-default wd-size-small social-share wd-shape-circle color-scheme-light text-center\">\n\t\t\t\t\n\t\t\t\t\n\t\t\t\t\t\t\t\t\t<a rel=\"noopener noreferrer nofollow\" href=\"https:\/\/www.facebook.com\/sharer\/sharer.php?u=https:\/\/kalendarzahrady.sk\/clanky\/zelenina\/\" target=\"_blank\" class=\" wd-social-icon social-facebook\" aria-label=\"Facebook social link\">\n\t\t\t\t\t\t<span class=\"wd-icon\"><\/span>\n\t\t\t\t\t\t\t\t\t\t\t<\/a>\n\t\t\t\t\n\t\t\t\t\t\t\t\t\t<a rel=\"noopener noreferrer nofollow\" href=\"https:\/\/x.com\/share?url=https:\/\/kalendarzahrady.sk\/clanky\/zelenina\/\" target=\"_blank\" class=\" wd-social-icon social-twitter\" aria-label=\"X social link\">\n\t\t\t\t\t\t<span class=\"wd-icon\"><\/span>\n\t\t\t\t\t\t\t\t\t\t\t<\/a>\n\t\t\t\t\n\t\t\t\t\n\t\t\t\t\n\t\t\t\t\n\t\t\t\t\t\t\t\t\t<a rel=\"noopener noreferrer nofollow\" href=\"https:\/\/pinterest.com\/pin\/create\/button\/?url=https:\/\/kalendarzahrady.sk\/clanky\/zelenina\/&media=https:\/\/kalendarzahrady.sk\/wp-content\/uploads\/2023\/12\/ako-pestovat-paradajky-jpg.webp&description=Ako+pestova%C5%A5+paradajky\" target=\"_blank\" class=\" wd-social-icon social-pinterest\" aria-label=\"Pinterest social link\">\n\t\t\t\t\t\t<span class=\"wd-icon\"><\/span>\n\t\t\t\t\t\t\t\t\t\t\t<\/a>\n\t\t\t\t\n\t\t\t\t\n\t\t\t\t\t\t\t\t\t<a rel=\"noopener noreferrer nofollow\" href=\"https:\/\/www.linkedin.com\/shareArticle?mini=true&url=https:\/\/kalendarzahrady.sk\/clanky\/zelenina\/\" target=\"_blank\" class=\" wd-social-icon social-linkedin\" aria-label=\"Linkedin social link\">\n\t\t\t\t\t\t<span class=\"wd-icon\"><\/span>\n\t\t\t\t\t\t\t\t\t\t\t<\/a>\n\t\t\t\t\n\t\t\t\t\n\t\t\t\t\n\t\t\t\t\n\t\t\t\t\n\t\t\t\t\n\t\t\t\t\n\t\t\t\t\n\t\t\t\t\n\t\t\t\t\n\t\t\t\t\t\t\t\t\t<a rel=\"noopener noreferrer nofollow\" href=\"https:\/\/api.whatsapp.com\/send?text=https%3A%2F%2Fkalendarzahrady.sk%2Fclanky%2Fzelenina%2F\" target=\"_blank\" class=\"wd-hide-md  wd-social-icon social-whatsapp\" aria-label=\"WhatsApp social link\">\n\t\t\t\t\t\t<span class=\"wd-icon\"><\/span>\n\t\t\t\t\t\t\t\t\t\t\t<\/a>\n\n\t\t\t\t\t<a rel=\"noopener noreferrer nofollow\" href=\"whatsapp:\/\/send?text=https%3A%2F%2Fkalendarzahrady.sk%2Fclanky%2Fzelenina%2F\" target=\"_blank\" class=\"wd-hide-lg  wd-social-icon social-whatsapp\" aria-label=\"WhatsApp social link\">\n\t\t\t\t\t\t<span class=\"wd-icon\"><\/span>\n\t\t\t\t\t\t\t\t\t\t\t<\/a>\n\t\t\t\t\n\t\t\t\t\n\t\t\t\t\n\t\t\t\t\n\t\t\t\t\n\t\t\t\t\n\t\t\t\t\t\t\t\t\t<a rel=\"noopener noreferrer nofollow\" href=\"https:\/\/telegram.me\/share\/url?url=https:\/\/kalendarzahrady.sk\/clanky\/zelenina\/\" target=\"_blank\" class=\" wd-social-icon social-tg\" aria-label=\"Telegram social link\">\n\t\t\t\t\t\t<span class=\"wd-icon\"><\/span>\n\t\t\t\t\t\t\t\t\t\t\t<\/a>\n\t\t\t\t\n\t\t\t\t\n\t\t\t<\/div>\n\n\t\t\t\t\t\t\t\t\t<\/div>\n\t\t\t\t\t\t<\/div>\n\t\t\t\t\t<\/div>\n\t\t\t\t\t\t\t\n\t\t\t\t\t\t\t\t\t\t\t\t<div class=\"entry-content wd-post-desc\">\n\t\t\t\t\t\tAko pestova\u0165 paradajky, plody slnka a \u0161\u0165astia, je nielen z\u00e1bavn\u00e9, ale aj odme\u0148uj\u00face dobrodru\u017estvo, k...\t\t\t\t\t<\/div>\n\t\t\t\t\n\t\t\t\t\t\t\t\t\t\t\t\t\t\t<p class=\"read-more-section\">\n\t\t\t\t\t\t<a class=\"btn-read-more more-link\" href=\"https:\/\/kalendarzahrady.sk\/ako-pestovat-paradajky\/\">Pokra\u010dova\u0165 v \u010d\u00edtan\u00ed<\/a>\t\t\t\t\t<\/p>\n\t\t\t\t\t\t\t\t\t\t\t\t\t<\/div>\n\t<\/div>\n<\/article>\n\n\t\t\t\t\t\t\t\t\t\t\t\n<article id=\"post-7835\" class=\"wd-post blog-design-masonry blog-post-loop blog-style-bg wd-add-shadow wd-col post-7835 post type-post status-publish format-standard has-post-thumbnail hentry category-ako-pestovat-a-sadit category-zelenina tag-ako-pestovat tag-ako-sadit tag-planty tag-priesady tag-zelenina\">\n\t<div class=\"article-inner\">\n\t\t<header class=\"entry-header\">\n\t\t\t\t\t\t\t<figure class=\"entry-thumbnail\">\n\t\t\t\t\t\t\t\t\t\t\t<div class=\"post-img-wrapp\">\n\t\t\t\t\t\t\t<a href=\"https:\/\/kalendarzahrady.sk\/ako-sadit-a-pestovat-priesady-planty\/\">\n\t\t\t\t\t\t\t\t<img width=\"1199\" height=\"800\" src=\"https:\/\/kalendarzahrady.sk\/wp-content\/uploads\/2023\/12\/ako-sadit-priesady-planty-1199x800.webp\" class=\"attachment-large size-large\" alt=\"Ako sadi\u0165 priesady a planty\" decoding=\"async\" loading=\"lazy\" srcset=\"https:\/\/kalendarzahrady.sk\/wp-content\/uploads\/2023\/12\/ako-sadit-priesady-planty-1199x800.webp 1199w, https:\/\/kalendarzahrady.sk\/wp-content\/uploads\/2023\/12\/ako-sadit-priesady-planty-400x267.webp 400w, https:\/\/kalendarzahrady.sk\/wp-content\/uploads\/2023\/12\/ako-sadit-priesady-planty-768x512.webp 768w, https:\/\/kalendarzahrady.sk\/wp-content\/uploads\/2023\/12\/ako-sadit-priesady-planty-860x574.webp 860w, https:\/\/kalendarzahrady.sk\/wp-content\/uploads\/2023\/12\/ako-sadit-priesady-planty-430x287.webp 430w, https:\/\/kalendarzahrady.sk\/wp-content\/uploads\/2023\/12\/ako-sadit-priesady-planty-700x467.webp 700w, https:\/\/kalendarzahrady.sk\/wp-content\/uploads\/2023\/12\/ako-sadit-priesady-planty-150x100.webp 150w, https:\/\/kalendarzahrady.sk\/wp-content\/uploads\/2023\/12\/ako-sadit-priesady-planty-jpg.webp 1280w\" sizes=\"auto, (max-width: 1199px) 100vw, 1199px\" \/>\t\t\t\t\t\t\t<\/a>\n\t\t\t\t\t\t<\/div>\n\t\t\t\t\t\t<div class=\"post-image-mask\">\n\t\t\t\t\t\t\t<span><\/span>\n\t\t\t\t\t\t<\/div>\n\t\t\t\t\t\t\t\t\t<\/figure>\n\t\t\t\n\t\t\t\t\t\t<div class=\"wd-post-date wd-style-with-bg\">\n\t\t\t\t<span class=\"post-date-day\">\n\t\t\t\t\t11\t\t\t\t<\/span>\n\t\t\t\t<span class=\"post-date-month\">\n\t\t\t\t\tdec\t\t\t\t<\/span>\n\t\t\t<\/div>\n\t\t\t\t<\/header>\n\n\t\t<div class=\"article-body-container\">\n\t\t\t\t\t\t\t<div class=\"meta-categories-wrapp\">\n\t\t\t\t\t<div class=\"meta-post-categories wd-post-cat wd-style-with-bg\">\n\t\t\t\t\t\t<a href=\"https:\/\/kalendarzahrady.sk\/clanky\/ako-pestovat-a-sadit\/\" rel=\"category tag\">Ako pestova\u0165 a sadi\u0165<\/a>, <a href=\"https:\/\/kalendarzahrady.sk\/clanky\/zelenina\/\" rel=\"category tag\">Zelenina<\/a>\t\t\t\t\t<\/div>\n\t\t\t\t<\/div>\n\t\t\t\n\t\t\t\t\t\t\t<h3 class=\"wd-entities-title title post-title\">\n\t\t\t\t\t<a href=\"https:\/\/kalendarzahrady.sk\/ako-sadit-a-pestovat-priesady-planty\/\" rel=\"bookmark\">Ako sadi\u0165 a pestova\u0165 priesady &#8211; planty<\/a>\n\t\t\t\t<\/h3>\n\t\t\t\n\t\t\t\t\t\t\t<div class=\"entry-meta wd-entry-meta\">\n\t\t\t\t\t\t\t\t<ul class=\"entry-meta-list\">\n\t\t\t\t\t\t\t\t\t<li class=\"modified-date\">\n\t\t\t\t\t\t\t\t<time class=\"updated\" datetime=\"2024-02-03T12:38:42+01:00\">\n\t\t\t3. febru\u00e1ra 2024\t\t<\/time>\n\t\t\t\t\t\t\t<\/li>\n\n\t\t\t\t\t\n\t\t\t\t\t\t\t\t\t\t\t<li class=\"meta-author\">\n\t\t\t\t\t\t\t\t\t\t\t\t<span>By<\/span>\n\t\t\n\t\t\t\t\t<img alt='author-avatar' src='https:\/\/secure.gravatar.com\/avatar\/75720416be2b5e3608639cb9ba03b6dd?s=32&#038;d=mm&#038;r=g' srcset='https:\/\/secure.gravatar.com\/avatar\/75720416be2b5e3608639cb9ba03b6dd?s=64&#038;d=mm&#038;r=g 2x' class='avatar avatar-32 photo' height='32' width='32' loading='lazy' decoding='async'\/>\t\t\n\t\t<a href=\"https:\/\/kalendarzahrady.sk\/author\/admin-zahr\/\" class=\"author\" rel=\"author\">kalendarzahrady.sk<\/a>\n\t\t\t\t\t\t\t\t<\/li>\n\t\t\t\t\t\n\t\t\t\t\t\n\t\t\t\t\t\t\t\t\t\t\t\t<\/ul>\n\t\t\t\t\t\t<\/div>\n\t\t\t\t\t\t\t\t\t<div class=\"hovered-social-icons wd-tltp\">\n\t\t\t\t\t\t<div class=\"tooltip top\">\n\t\t\t\t\t\t\t<div class=\"tooltip-arrow\"><\/div>\n\t\t\t\t\t\t\t<div class=\"tooltip-inner\">\n\t\t\t\t\t\t\t\t\t\t\t<div id=\"\" class=\" wd-social-icons  wd-style-default wd-size-small social-share wd-shape-circle color-scheme-light text-center\">\n\t\t\t\t\n\t\t\t\t\n\t\t\t\t\t\t\t\t\t<a rel=\"noopener noreferrer nofollow\" href=\"https:\/\/www.facebook.com\/sharer\/sharer.php?u=https:\/\/kalendarzahrady.sk\/clanky\/zelenina\/\" target=\"_blank\" class=\" wd-social-icon social-facebook\" aria-label=\"Facebook social link\">\n\t\t\t\t\t\t<span class=\"wd-icon\"><\/span>\n\t\t\t\t\t\t\t\t\t\t\t<\/a>\n\t\t\t\t\n\t\t\t\t\t\t\t\t\t<a rel=\"noopener noreferrer nofollow\" href=\"https:\/\/x.com\/share?url=https:\/\/kalendarzahrady.sk\/clanky\/zelenina\/\" target=\"_blank\" class=\" wd-social-icon social-twitter\" aria-label=\"X social link\">\n\t\t\t\t\t\t<span class=\"wd-icon\"><\/span>\n\t\t\t\t\t\t\t\t\t\t\t<\/a>\n\t\t\t\t\n\t\t\t\t\n\t\t\t\t\n\t\t\t\t\n\t\t\t\t\t\t\t\t\t<a rel=\"noopener noreferrer nofollow\" href=\"https:\/\/pinterest.com\/pin\/create\/button\/?url=https:\/\/kalendarzahrady.sk\/clanky\/zelenina\/&media=https:\/\/kalendarzahrady.sk\/wp-content\/uploads\/2023\/12\/ako-sadit-priesady-planty-jpg.webp&description=Ako+sadi%C5%A5+a+pestova%C5%A5+priesady+%26%238211%3B+planty\" target=\"_blank\" class=\" wd-social-icon social-pinterest\" aria-label=\"Pinterest social link\">\n\t\t\t\t\t\t<span class=\"wd-icon\"><\/span>\n\t\t\t\t\t\t\t\t\t\t\t<\/a>\n\t\t\t\t\n\t\t\t\t\n\t\t\t\t\t\t\t\t\t<a rel=\"noopener noreferrer nofollow\" href=\"https:\/\/www.linkedin.com\/shareArticle?mini=true&url=https:\/\/kalendarzahrady.sk\/clanky\/zelenina\/\" target=\"_blank\" class=\" wd-social-icon social-linkedin\" aria-label=\"Linkedin social link\">\n\t\t\t\t\t\t<span class=\"wd-icon\"><\/span>\n\t\t\t\t\t\t\t\t\t\t\t<\/a>\n\t\t\t\t\n\t\t\t\t\n\t\t\t\t\n\t\t\t\t\n\t\t\t\t\n\t\t\t\t\n\t\t\t\t\n\t\t\t\t\n\t\t\t\t\n\t\t\t\t\n\t\t\t\t\t\t\t\t\t<a rel=\"noopener noreferrer nofollow\" href=\"https:\/\/api.whatsapp.com\/send?text=https%3A%2F%2Fkalendarzahrady.sk%2Fclanky%2Fzelenina%2F\" target=\"_blank\" class=\"wd-hide-md  wd-social-icon social-whatsapp\" aria-label=\"WhatsApp social link\">\n\t\t\t\t\t\t<span class=\"wd-icon\"><\/span>\n\t\t\t\t\t\t\t\t\t\t\t<\/a>\n\n\t\t\t\t\t<a rel=\"noopener noreferrer nofollow\" href=\"whatsapp:\/\/send?text=https%3A%2F%2Fkalendarzahrady.sk%2Fclanky%2Fzelenina%2F\" target=\"_blank\" class=\"wd-hide-lg  wd-social-icon social-whatsapp\" aria-label=\"WhatsApp social link\">\n\t\t\t\t\t\t<span class=\"wd-icon\"><\/span>\n\t\t\t\t\t\t\t\t\t\t\t<\/a>\n\t\t\t\t\n\t\t\t\t\n\t\t\t\t\n\t\t\t\t\n\t\t\t\t\n\t\t\t\t\n\t\t\t\t\t\t\t\t\t<a rel=\"noopener noreferrer nofollow\" href=\"https:\/\/telegram.me\/share\/url?url=https:\/\/kalendarzahrady.sk\/clanky\/zelenina\/\" target=\"_blank\" class=\" wd-social-icon social-tg\" aria-label=\"Telegram social link\">\n\t\t\t\t\t\t<span class=\"wd-icon\"><\/span>\n\t\t\t\t\t\t\t\t\t\t\t<\/a>\n\t\t\t\t\n\t\t\t\t\n\t\t\t<\/div>\n\n\t\t\t\t\t\t\t\t\t<\/div>\n\t\t\t\t\t\t<\/div>\n\t\t\t\t\t<\/div>\n\t\t\t\t\t\t\t\n\t\t\t\t\t\t\t\t\t\t\t\t<div class=\"entry-content wd-post-desc\">\n\t\t\t\t\t\tAko sadi\u0165 a pestova\u0165 priesady ku kr\u00e1snym a chutn\u00fdm plodom. Pre \u00faspe\u0161n\u00fd za\u010diatok si pripravte vhodn\u00fa ...\t\t\t\t\t<\/div>\n\t\t\t\t\n\t\t\t\t\t\t\t\t\t\t\t\t\t\t<p class=\"read-more-section\">\n\t\t\t\t\t\t<a class=\"btn-read-more more-link\" href=\"https:\/\/kalendarzahrady.sk\/ako-sadit-a-pestovat-priesady-planty\/\">Pokra\u010dova\u0165 v \u010d\u00edtan\u00ed<\/a>\t\t\t\t\t<\/p>\n\t\t\t\t\t\t\t\t\t\t\t\t\t<\/div>\n\t<\/div>\n<\/article>\n\n\t\t\t\t\t\t\t\t\t\t\t\n<article id=\"post-7787\" class=\"wd-post blog-design-masonry blog-post-loop blog-style-bg wd-add-shadow wd-col post-7787 post type-post status-publish format-standard has-post-thumbnail hentry category-ako-pestovat-a-sadit category-zelenina tag-ako-pestovat tag-ako-pestovat-zeleninu tag-ako-sadit\">\n\t<div class=\"article-inner\">\n\t\t<header class=\"entry-header\">\n\t\t\t\t\t\t\t<figure class=\"entry-thumbnail\">\n\t\t\t\t\t\t\t\t\t\t\t<div class=\"post-img-wrapp\">\n\t\t\t\t\t\t\t<a href=\"https:\/\/kalendarzahrady.sk\/ako-sadit-zeleninu-vedla-seba\/\">\n\t\t\t\t\t\t\t\t<img width=\"1202\" height=\"800\" src=\"https:\/\/kalendarzahrady.sk\/wp-content\/uploads\/2023\/11\/ako-sadit-zeleninu-vedla-seba-1202x800.webp\" class=\"attachment-large size-large\" alt=\"Ako sadi\u0165 zeleninu ved\u013ea seba\" decoding=\"async\" loading=\"lazy\" srcset=\"https:\/\/kalendarzahrady.sk\/wp-content\/uploads\/2023\/11\/ako-sadit-zeleninu-vedla-seba-1202x800.webp 1202w, https:\/\/kalendarzahrady.sk\/wp-content\/uploads\/2023\/11\/ako-sadit-zeleninu-vedla-seba-400x266.webp 400w, https:\/\/kalendarzahrady.sk\/wp-content\/uploads\/2023\/11\/ako-sadit-zeleninu-vedla-seba-768x511.webp 768w, https:\/\/kalendarzahrady.sk\/wp-content\/uploads\/2023\/11\/ako-sadit-zeleninu-vedla-seba-860x572.webp 860w, https:\/\/kalendarzahrady.sk\/wp-content\/uploads\/2023\/11\/ako-sadit-zeleninu-vedla-seba-430x286.webp 430w, https:\/\/kalendarzahrady.sk\/wp-content\/uploads\/2023\/11\/ako-sadit-zeleninu-vedla-seba-700x466.webp 700w, https:\/\/kalendarzahrady.sk\/wp-content\/uploads\/2023\/11\/ako-sadit-zeleninu-vedla-seba-150x100.webp 150w, https:\/\/kalendarzahrady.sk\/wp-content\/uploads\/2023\/11\/ako-sadit-zeleninu-vedla-seba.webp 1280w\" sizes=\"auto, (max-width: 1202px) 100vw, 1202px\" \/>\t\t\t\t\t\t\t<\/a>\n\t\t\t\t\t\t<\/div>\n\t\t\t\t\t\t<div class=\"post-image-mask\">\n\t\t\t\t\t\t\t<span><\/span>\n\t\t\t\t\t\t<\/div>\n\t\t\t\t\t\t\t\t\t<\/figure>\n\t\t\t\n\t\t\t\t\t\t<div class=\"wd-post-date wd-style-with-bg\">\n\t\t\t\t<span class=\"post-date-day\">\n\t\t\t\t\t12\t\t\t\t<\/span>\n\t\t\t\t<span class=\"post-date-month\">\n\t\t\t\t\tnov\t\t\t\t<\/span>\n\t\t\t<\/div>\n\t\t\t\t<\/header>\n\n\t\t<div class=\"article-body-container\">\n\t\t\t\t\t\t\t<div class=\"meta-categories-wrapp\">\n\t\t\t\t\t<div class=\"meta-post-categories wd-post-cat wd-style-with-bg\">\n\t\t\t\t\t\t<a href=\"https:\/\/kalendarzahrady.sk\/clanky\/ako-pestovat-a-sadit\/\" rel=\"category tag\">Ako pestova\u0165 a sadi\u0165<\/a>, <a href=\"https:\/\/kalendarzahrady.sk\/clanky\/zelenina\/\" rel=\"category tag\">Zelenina<\/a>\t\t\t\t\t<\/div>\n\t\t\t\t<\/div>\n\t\t\t\n\t\t\t\t\t\t\t<h3 class=\"wd-entities-title title post-title\">\n\t\t\t\t\t<a href=\"https:\/\/kalendarzahrady.sk\/ako-sadit-zeleninu-vedla-seba\/\" rel=\"bookmark\">Ako sadi\u0165 zeleninu ved\u013ea seba<\/a>\n\t\t\t\t<\/h3>\n\t\t\t\n\t\t\t\t\t\t\t<div class=\"entry-meta wd-entry-meta\">\n\t\t\t\t\t\t\t\t<ul class=\"entry-meta-list\">\n\t\t\t\t\t\t\t\t\t<li class=\"modified-date\">\n\t\t\t\t\t\t\t\t<time class=\"updated\" datetime=\"2024-02-03T12:40:28+01:00\">\n\t\t\t3. febru\u00e1ra 2024\t\t<\/time>\n\t\t\t\t\t\t\t<\/li>\n\n\t\t\t\t\t\n\t\t\t\t\t\t\t\t\t\t\t<li class=\"meta-author\">\n\t\t\t\t\t\t\t\t\t\t\t\t<span>By<\/span>\n\t\t\n\t\t\t\t\t<img alt='author-avatar' src='https:\/\/secure.gravatar.com\/avatar\/75720416be2b5e3608639cb9ba03b6dd?s=32&#038;d=mm&#038;r=g' srcset='https:\/\/secure.gravatar.com\/avatar\/75720416be2b5e3608639cb9ba03b6dd?s=64&#038;d=mm&#038;r=g 2x' class='avatar avatar-32 photo' height='32' width='32' loading='lazy' decoding='async'\/>\t\t\n\t\t<a href=\"https:\/\/kalendarzahrady.sk\/author\/admin-zahr\/\" class=\"author\" rel=\"author\">kalendarzahrady.sk<\/a>\n\t\t\t\t\t\t\t\t<\/li>\n\t\t\t\t\t\n\t\t\t\t\t\n\t\t\t\t\t\t\t\t\t\t\t\t<\/ul>\n\t\t\t\t\t\t<\/div>\n\t\t\t\t\t\t\t\t\t<div class=\"hovered-social-icons wd-tltp\">\n\t\t\t\t\t\t<div class=\"tooltip top\">\n\t\t\t\t\t\t\t<div class=\"tooltip-arrow\"><\/div>\n\t\t\t\t\t\t\t<div class=\"tooltip-inner\">\n\t\t\t\t\t\t\t\t\t\t\t<div id=\"\" class=\" wd-social-icons  wd-style-default wd-size-small social-share wd-shape-circle color-scheme-light text-center\">\n\t\t\t\t\n\t\t\t\t\n\t\t\t\t\t\t\t\t\t<a rel=\"noopener noreferrer nofollow\" href=\"https:\/\/www.facebook.com\/sharer\/sharer.php?u=https:\/\/kalendarzahrady.sk\/clanky\/zelenina\/\" target=\"_blank\" class=\" wd-social-icon social-facebook\" aria-label=\"Facebook social link\">\n\t\t\t\t\t\t<span class=\"wd-icon\"><\/span>\n\t\t\t\t\t\t\t\t\t\t\t<\/a>\n\t\t\t\t\n\t\t\t\t\t\t\t\t\t<a rel=\"noopener noreferrer nofollow\" href=\"https:\/\/x.com\/share?url=https:\/\/kalendarzahrady.sk\/clanky\/zelenina\/\" target=\"_blank\" class=\" wd-social-icon social-twitter\" aria-label=\"X social link\">\n\t\t\t\t\t\t<span class=\"wd-icon\"><\/span>\n\t\t\t\t\t\t\t\t\t\t\t<\/a>\n\t\t\t\t\n\t\t\t\t\n\t\t\t\t\n\t\t\t\t\n\t\t\t\t\t\t\t\t\t<a rel=\"noopener noreferrer nofollow\" href=\"https:\/\/pinterest.com\/pin\/create\/button\/?url=https:\/\/kalendarzahrady.sk\/clanky\/zelenina\/&media=https:\/\/kalendarzahrady.sk\/wp-content\/uploads\/2023\/11\/ako-sadit-zeleninu-vedla-seba.webp&description=Ako+sadi%C5%A5+zeleninu+ved%C4%BEa+seba\" target=\"_blank\" class=\" wd-social-icon social-pinterest\" aria-label=\"Pinterest social link\">\n\t\t\t\t\t\t<span class=\"wd-icon\"><\/span>\n\t\t\t\t\t\t\t\t\t\t\t<\/a>\n\t\t\t\t\n\t\t\t\t\n\t\t\t\t\t\t\t\t\t<a rel=\"noopener noreferrer nofollow\" href=\"https:\/\/www.linkedin.com\/shareArticle?mini=true&url=https:\/\/kalendarzahrady.sk\/clanky\/zelenina\/\" target=\"_blank\" class=\" wd-social-icon social-linkedin\" aria-label=\"Linkedin social link\">\n\t\t\t\t\t\t<span class=\"wd-icon\"><\/span>\n\t\t\t\t\t\t\t\t\t\t\t<\/a>\n\t\t\t\t\n\t\t\t\t\n\t\t\t\t\n\t\t\t\t\n\t\t\t\t\n\t\t\t\t\n\t\t\t\t\n\t\t\t\t\n\t\t\t\t\n\t\t\t\t\n\t\t\t\t\t\t\t\t\t<a rel=\"noopener noreferrer nofollow\" href=\"https:\/\/api.whatsapp.com\/send?text=https%3A%2F%2Fkalendarzahrady.sk%2Fclanky%2Fzelenina%2F\" target=\"_blank\" class=\"wd-hide-md  wd-social-icon social-whatsapp\" aria-label=\"WhatsApp social link\">\n\t\t\t\t\t\t<span class=\"wd-icon\"><\/span>\n\t\t\t\t\t\t\t\t\t\t\t<\/a>\n\n\t\t\t\t\t<a rel=\"noopener noreferrer nofollow\" href=\"whatsapp:\/\/send?text=https%3A%2F%2Fkalendarzahrady.sk%2Fclanky%2Fzelenina%2F\" target=\"_blank\" class=\"wd-hide-lg  wd-social-icon social-whatsapp\" aria-label=\"WhatsApp social link\">\n\t\t\t\t\t\t<span class=\"wd-icon\"><\/span>\n\t\t\t\t\t\t\t\t\t\t\t<\/a>\n\t\t\t\t\n\t\t\t\t\n\t\t\t\t\n\t\t\t\t\n\t\t\t\t\n\t\t\t\t\n\t\t\t\t\t\t\t\t\t<a rel=\"noopener noreferrer nofollow\" href=\"https:\/\/telegram.me\/share\/url?url=https:\/\/kalendarzahrady.sk\/clanky\/zelenina\/\" target=\"_blank\" class=\" wd-social-icon social-tg\" aria-label=\"Telegram social link\">\n\t\t\t\t\t\t<span class=\"wd-icon\"><\/span>\n\t\t\t\t\t\t\t\t\t\t\t<\/a>\n\t\t\t\t\n\t\t\t\t\n\t\t\t<\/div>\n\n\t\t\t\t\t\t\t\t\t<\/div>\n\t\t\t\t\t\t<\/div>\n\t\t\t\t\t<\/div>\n\t\t\t\t\t\t\t\n\t\t\t\t\t\t\t\t\t\t\t\t<div class=\"entry-content wd-post-desc\">\n\t\t\t\t\t\tV z\u00e1hradn\u00edckom svete existuje umenie, ktor\u00e9 spo\u010d\u00edva v tom, ako vhodne sadi\u0165 zeleninu ved\u013ea seba v z\u00e1...\t\t\t\t\t<\/div>\n\t\t\t\t\n\t\t\t\t\t\t\t\t\t\t\t\t\t\t<p class=\"read-more-section\">\n\t\t\t\t\t\t<a class=\"btn-read-more more-link\" href=\"https:\/\/kalendarzahrady.sk\/ako-sadit-zeleninu-vedla-seba\/\">Pokra\u010dova\u0165 v \u010d\u00edtan\u00ed<\/a>\t\t\t\t\t<\/p>\n\t\t\t\t\t\t\t\t\t\t\t\t\t<\/div>\n\t<\/div>\n<\/article>\n\n\t\t\t\t\t\t\t\t\t\t\t\n<article id=\"post-7766\" class=\"wd-post blog-design-masonry blog-post-loop blog-style-bg wd-add-shadow wd-col post-7766 post type-post status-publish format-standard has-post-thumbnail hentry category-ako-pestovat-a-sadit category-zelenina tag-ako-pestovat tag-ako-sadit tag-kel\">\n\t<div class=\"article-inner\">\n\t\t<header class=\"entry-header\">\n\t\t\t\t\t\t\t<figure class=\"entry-thumbnail\">\n\t\t\t\t\t\t\t\t\t\t\t<div class=\"post-img-wrapp\">\n\t\t\t\t\t\t\t<a href=\"https:\/\/kalendarzahrady.sk\/ako-pestovat-kel\/\">\n\t\t\t\t\t\t\t\t<img width=\"1200\" height=\"800\" src=\"https:\/\/kalendarzahrady.sk\/wp-content\/uploads\/2023\/11\/kale-2317181_1280-1200x800.webp\" class=\"attachment-large size-large\" alt=\"Ako pestova\u0165 kel\" decoding=\"async\" loading=\"lazy\" srcset=\"https:\/\/kalendarzahrady.sk\/wp-content\/uploads\/2023\/11\/kale-2317181_1280-1200x800.webp 1200w, https:\/\/kalendarzahrady.sk\/wp-content\/uploads\/2023\/11\/kale-2317181_1280-400x267.webp 400w, https:\/\/kalendarzahrady.sk\/wp-content\/uploads\/2023\/11\/kale-2317181_1280-768x512.webp 768w, https:\/\/kalendarzahrady.sk\/wp-content\/uploads\/2023\/11\/kale-2317181_1280-860x573.webp 860w, https:\/\/kalendarzahrady.sk\/wp-content\/uploads\/2023\/11\/kale-2317181_1280-430x287.webp 430w, https:\/\/kalendarzahrady.sk\/wp-content\/uploads\/2023\/11\/kale-2317181_1280-700x466.webp 700w, https:\/\/kalendarzahrady.sk\/wp-content\/uploads\/2023\/11\/kale-2317181_1280-150x100.webp 150w, https:\/\/kalendarzahrady.sk\/wp-content\/uploads\/2023\/11\/kale-2317181_1280.webp 1280w\" sizes=\"auto, (max-width: 1200px) 100vw, 1200px\" \/>\t\t\t\t\t\t\t<\/a>\n\t\t\t\t\t\t<\/div>\n\t\t\t\t\t\t<div class=\"post-image-mask\">\n\t\t\t\t\t\t\t<span><\/span>\n\t\t\t\t\t\t<\/div>\n\t\t\t\t\t\t\t\t\t<\/figure>\n\t\t\t\n\t\t\t\t\t\t<div class=\"wd-post-date wd-style-with-bg\">\n\t\t\t\t<span class=\"post-date-day\">\n\t\t\t\t\t11\t\t\t\t<\/span>\n\t\t\t\t<span class=\"post-date-month\">\n\t\t\t\t\tnov\t\t\t\t<\/span>\n\t\t\t<\/div>\n\t\t\t\t<\/header>\n\n\t\t<div class=\"article-body-container\">\n\t\t\t\t\t\t\t<div class=\"meta-categories-wrapp\">\n\t\t\t\t\t<div class=\"meta-post-categories wd-post-cat wd-style-with-bg\">\n\t\t\t\t\t\t<a href=\"https:\/\/kalendarzahrady.sk\/clanky\/ako-pestovat-a-sadit\/\" rel=\"category tag\">Ako pestova\u0165 a sadi\u0165<\/a>, <a href=\"https:\/\/kalendarzahrady.sk\/clanky\/zelenina\/\" rel=\"category tag\">Zelenina<\/a>\t\t\t\t\t<\/div>\n\t\t\t\t<\/div>\n\t\t\t\n\t\t\t\t\t\t\t<h3 class=\"wd-entities-title title post-title\">\n\t\t\t\t\t<a href=\"https:\/\/kalendarzahrady.sk\/ako-pestovat-kel\/\" rel=\"bookmark\">Ako pestova\u0165 kel<\/a>\n\t\t\t\t<\/h3>\n\t\t\t\n\t\t\t\t\t\t\t<div class=\"entry-meta wd-entry-meta\">\n\t\t\t\t\t\t\t\t<ul class=\"entry-meta-list\">\n\t\t\t\t\t\t\t\t\t<li class=\"modified-date\">\n\t\t\t\t\t\t\t\t<time class=\"updated\" datetime=\"2024-02-03T12:41:15+01:00\">\n\t\t\t3. febru\u00e1ra 2024\t\t<\/time>\n\t\t\t\t\t\t\t<\/li>\n\n\t\t\t\t\t\n\t\t\t\t\t\t\t\t\t\t\t<li class=\"meta-author\">\n\t\t\t\t\t\t\t\t\t\t\t\t<span>By<\/span>\n\t\t\n\t\t\t\t\t<img alt='author-avatar' src='https:\/\/secure.gravatar.com\/avatar\/75720416be2b5e3608639cb9ba03b6dd?s=32&#038;d=mm&#038;r=g' srcset='https:\/\/secure.gravatar.com\/avatar\/75720416be2b5e3608639cb9ba03b6dd?s=64&#038;d=mm&#038;r=g 2x' class='avatar avatar-32 photo' height='32' width='32' loading='lazy' decoding='async'\/>\t\t\n\t\t<a href=\"https:\/\/kalendarzahrady.sk\/author\/admin-zahr\/\" class=\"author\" rel=\"author\">kalendarzahrady.sk<\/a>\n\t\t\t\t\t\t\t\t<\/li>\n\t\t\t\t\t\n\t\t\t\t\t\n\t\t\t\t\t\t\t\t\t\t\t\t<\/ul>\n\t\t\t\t\t\t<\/div>\n\t\t\t\t\t\t\t\t\t<div class=\"hovered-social-icons wd-tltp\">\n\t\t\t\t\t\t<div class=\"tooltip top\">\n\t\t\t\t\t\t\t<div class=\"tooltip-arrow\"><\/div>\n\t\t\t\t\t\t\t<div class=\"tooltip-inner\">\n\t\t\t\t\t\t\t\t\t\t\t<div id=\"\" class=\" wd-social-icons  wd-style-default wd-size-small social-share wd-shape-circle color-scheme-light text-center\">\n\t\t\t\t\n\t\t\t\t\n\t\t\t\t\t\t\t\t\t<a rel=\"noopener noreferrer nofollow\" href=\"https:\/\/www.facebook.com\/sharer\/sharer.php?u=https:\/\/kalendarzahrady.sk\/clanky\/zelenina\/\" target=\"_blank\" class=\" wd-social-icon social-facebook\" aria-label=\"Facebook social link\">\n\t\t\t\t\t\t<span class=\"wd-icon\"><\/span>\n\t\t\t\t\t\t\t\t\t\t\t<\/a>\n\t\t\t\t\n\t\t\t\t\t\t\t\t\t<a rel=\"noopener noreferrer nofollow\" href=\"https:\/\/x.com\/share?url=https:\/\/kalendarzahrady.sk\/clanky\/zelenina\/\" target=\"_blank\" class=\" wd-social-icon social-twitter\" aria-label=\"X social link\">\n\t\t\t\t\t\t<span class=\"wd-icon\"><\/span>\n\t\t\t\t\t\t\t\t\t\t\t<\/a>\n\t\t\t\t\n\t\t\t\t\n\t\t\t\t\n\t\t\t\t\n\t\t\t\t\t\t\t\t\t<a rel=\"noopener noreferrer nofollow\" href=\"https:\/\/pinterest.com\/pin\/create\/button\/?url=https:\/\/kalendarzahrady.sk\/clanky\/zelenina\/&media=https:\/\/kalendarzahrady.sk\/wp-content\/uploads\/2023\/11\/kale-2317181_1280.webp&description=Ako+pestova%C5%A5+kel\" target=\"_blank\" class=\" wd-social-icon social-pinterest\" aria-label=\"Pinterest social link\">\n\t\t\t\t\t\t<span class=\"wd-icon\"><\/span>\n\t\t\t\t\t\t\t\t\t\t\t<\/a>\n\t\t\t\t\n\t\t\t\t\n\t\t\t\t\t\t\t\t\t<a rel=\"noopener noreferrer nofollow\" href=\"https:\/\/www.linkedin.com\/shareArticle?mini=true&url=https:\/\/kalendarzahrady.sk\/clanky\/zelenina\/\" target=\"_blank\" class=\" wd-social-icon social-linkedin\" aria-label=\"Linkedin social link\">\n\t\t\t\t\t\t<span class=\"wd-icon\"><\/span>\n\t\t\t\t\t\t\t\t\t\t\t<\/a>\n\t\t\t\t\n\t\t\t\t\n\t\t\t\t\n\t\t\t\t\n\t\t\t\t\n\t\t\t\t\n\t\t\t\t\n\t\t\t\t\n\t\t\t\t\n\t\t\t\t\n\t\t\t\t\t\t\t\t\t<a rel=\"noopener noreferrer nofollow\" href=\"https:\/\/api.whatsapp.com\/send?text=https%3A%2F%2Fkalendarzahrady.sk%2Fclanky%2Fzelenina%2F\" target=\"_blank\" class=\"wd-hide-md  wd-social-icon social-whatsapp\" aria-label=\"WhatsApp social link\">\n\t\t\t\t\t\t<span class=\"wd-icon\"><\/span>\n\t\t\t\t\t\t\t\t\t\t\t<\/a>\n\n\t\t\t\t\t<a rel=\"noopener noreferrer nofollow\" href=\"whatsapp:\/\/send?text=https%3A%2F%2Fkalendarzahrady.sk%2Fclanky%2Fzelenina%2F\" target=\"_blank\" class=\"wd-hide-lg  wd-social-icon social-whatsapp\" aria-label=\"WhatsApp social link\">\n\t\t\t\t\t\t<span class=\"wd-icon\"><\/span>\n\t\t\t\t\t\t\t\t\t\t\t<\/a>\n\t\t\t\t\n\t\t\t\t\n\t\t\t\t\n\t\t\t\t\n\t\t\t\t\n\t\t\t\t\n\t\t\t\t\t\t\t\t\t<a rel=\"noopener noreferrer nofollow\" href=\"https:\/\/telegram.me\/share\/url?url=https:\/\/kalendarzahrady.sk\/clanky\/zelenina\/\" target=\"_blank\" class=\" wd-social-icon social-tg\" aria-label=\"Telegram social link\">\n\t\t\t\t\t\t<span class=\"wd-icon\"><\/span>\n\t\t\t\t\t\t\t\t\t\t\t<\/a>\n\t\t\t\t\n\t\t\t\t\n\t\t\t<\/div>\n\n\t\t\t\t\t\t\t\t\t<\/div>\n\t\t\t\t\t\t<\/div>\n\t\t\t\t\t<\/div>\n\t\t\t\t\t\t\t\n\t\t\t\t\t\t\t\t\t\t\t\t<div class=\"entry-content wd-post-desc\">\n\t\t\t\t\t\tKel je skvostn\u00e1 zelenina pln\u00e1 \u017eiv\u00edn a vl\u00e1kniny, ktor\u00e1 m\u00f4\u017ee by\u0165 jednou z najcenenej\u0161\u00edch pr\u00eddavkov do ...\t\t\t\t\t<\/div>\n\t\t\t\t\n\t\t\t\t\t\t\t\t\t\t\t\t\t\t<p class=\"read-more-section\">\n\t\t\t\t\t\t<a class=\"btn-read-more more-link\" href=\"https:\/\/kalendarzahrady.sk\/ako-pestovat-kel\/\">Pokra\u010dova\u0165 v \u010d\u00edtan\u00ed<\/a>\t\t\t\t\t<\/p>\n\t\t\t\t\t\t\t\t\t\t\t\t\t<\/div>\n\t<\/div>\n<\/article>\n\n\t\t\t\t\t\t\t\t\t\t\t\n<article id=\"post-7621\" class=\"wd-post blog-design-masonry blog-post-loop blog-style-bg wd-add-shadow wd-col post-7621 post type-post status-publish format-standard has-post-thumbnail hentry category-zelenina tag-papricky tag-scoville-heat-units tag-zelenina\">\n\t<div class=\"article-inner\">\n\t\t<header class=\"entry-header\">\n\t\t\t\t\t\t\t<figure class=\"entry-thumbnail\">\n\t\t\t\t\t\t\t\t\t\t\t<div class=\"post-img-wrapp\">\n\t\t\t\t\t\t\t<a href=\"https:\/\/kalendarzahrady.sk\/najpalivejsie-papricky-na-svete-za-hranicou-ostrosti\/\">\n\t\t\t\t\t\t\t\t<img width=\"1280\" height=\"746\" src=\"https:\/\/kalendarzahrady.sk\/wp-content\/uploads\/2023\/08\/najpalivejsie-papricky-na-svete.webp\" class=\"attachment-large size-large\" alt=\"Najp\u00e1livej\u0161ie papri\u010dky na svete\" decoding=\"async\" loading=\"lazy\" srcset=\"https:\/\/kalendarzahrady.sk\/wp-content\/uploads\/2023\/08\/najpalivejsie-papricky-na-svete.webp 1280w, https:\/\/kalendarzahrady.sk\/wp-content\/uploads\/2023\/08\/najpalivejsie-papricky-na-svete-400x233.webp 400w, https:\/\/kalendarzahrady.sk\/wp-content\/uploads\/2023\/08\/najpalivejsie-papricky-na-svete-768x448.webp 768w, https:\/\/kalendarzahrady.sk\/wp-content\/uploads\/2023\/08\/najpalivejsie-papricky-na-svete-860x501.webp 860w, https:\/\/kalendarzahrady.sk\/wp-content\/uploads\/2023\/08\/najpalivejsie-papricky-na-svete-430x251.webp 430w, https:\/\/kalendarzahrady.sk\/wp-content\/uploads\/2023\/08\/najpalivejsie-papricky-na-svete-700x408.webp 700w, https:\/\/kalendarzahrady.sk\/wp-content\/uploads\/2023\/08\/najpalivejsie-papricky-na-svete-150x87.webp 150w\" sizes=\"auto, (max-width: 1280px) 100vw, 1280px\" \/>\t\t\t\t\t\t\t<\/a>\n\t\t\t\t\t\t<\/div>\n\t\t\t\t\t\t<div class=\"post-image-mask\">\n\t\t\t\t\t\t\t<span><\/span>\n\t\t\t\t\t\t<\/div>\n\t\t\t\t\t\t\t\t\t<\/figure>\n\t\t\t\n\t\t\t\t\t\t<div class=\"wd-post-date wd-style-with-bg\">\n\t\t\t\t<span class=\"post-date-day\">\n\t\t\t\t\t28\t\t\t\t<\/span>\n\t\t\t\t<span class=\"post-date-month\">\n\t\t\t\t\taug\t\t\t\t<\/span>\n\t\t\t<\/div>\n\t\t\t\t<\/header>\n\n\t\t<div class=\"article-body-container\">\n\t\t\t\t\t\t\t<div class=\"meta-categories-wrapp\">\n\t\t\t\t\t<div class=\"meta-post-categories wd-post-cat wd-style-with-bg\">\n\t\t\t\t\t\t<a href=\"https:\/\/kalendarzahrady.sk\/clanky\/zelenina\/\" rel=\"category tag\">Zelenina<\/a>\t\t\t\t\t<\/div>\n\t\t\t\t<\/div>\n\t\t\t\n\t\t\t\t\t\t\t<h3 class=\"wd-entities-title title post-title\">\n\t\t\t\t\t<a href=\"https:\/\/kalendarzahrady.sk\/najpalivejsie-papricky-na-svete-za-hranicou-ostrosti\/\" rel=\"bookmark\">Najp\u00e1livej\u0161ie papri\u010dky na svete &#8211; Za hranicou ostrosti<\/a>\n\t\t\t\t<\/h3>\n\t\t\t\n\t\t\t\t\t\t\t<div class=\"entry-meta wd-entry-meta\">\n\t\t\t\t\t\t\t\t<ul class=\"entry-meta-list\">\n\t\t\t\t\t\t\t\t\t<li class=\"modified-date\">\n\t\t\t\t\t\t\t\t<time class=\"updated\" datetime=\"2024-02-03T12:43:44+01:00\">\n\t\t\t3. febru\u00e1ra 2024\t\t<\/time>\n\t\t\t\t\t\t\t<\/li>\n\n\t\t\t\t\t\n\t\t\t\t\t\t\t\t\t\t\t<li class=\"meta-author\">\n\t\t\t\t\t\t\t\t\t\t\t\t<span>By<\/span>\n\t\t\n\t\t\t\t\t<img alt='author-avatar' src='https:\/\/secure.gravatar.com\/avatar\/75720416be2b5e3608639cb9ba03b6dd?s=32&#038;d=mm&#038;r=g' srcset='https:\/\/secure.gravatar.com\/avatar\/75720416be2b5e3608639cb9ba03b6dd?s=64&#038;d=mm&#038;r=g 2x' class='avatar avatar-32 photo' height='32' width='32' loading='lazy' decoding='async'\/>\t\t\n\t\t<a href=\"https:\/\/kalendarzahrady.sk\/author\/admin-zahr\/\" class=\"author\" rel=\"author\">kalendarzahrady.sk<\/a>\n\t\t\t\t\t\t\t\t<\/li>\n\t\t\t\t\t\n\t\t\t\t\t\n\t\t\t\t\t\t\t\t\t\t\t\t<\/ul>\n\t\t\t\t\t\t<\/div>\n\t\t\t\t\t\t\t\t\t<div class=\"hovered-social-icons wd-tltp\">\n\t\t\t\t\t\t<div class=\"tooltip top\">\n\t\t\t\t\t\t\t<div class=\"tooltip-arrow\"><\/div>\n\t\t\t\t\t\t\t<div class=\"tooltip-inner\">\n\t\t\t\t\t\t\t\t\t\t\t<div id=\"\" class=\" wd-social-icons  wd-style-default wd-size-small social-share wd-shape-circle color-scheme-light text-center\">\n\t\t\t\t\n\t\t\t\t\n\t\t\t\t\t\t\t\t\t<a rel=\"noopener noreferrer nofollow\" href=\"https:\/\/www.facebook.com\/sharer\/sharer.php?u=https:\/\/kalendarzahrady.sk\/clanky\/zelenina\/\" target=\"_blank\" class=\" wd-social-icon social-facebook\" aria-label=\"Facebook social link\">\n\t\t\t\t\t\t<span class=\"wd-icon\"><\/span>\n\t\t\t\t\t\t\t\t\t\t\t<\/a>\n\t\t\t\t\n\t\t\t\t\t\t\t\t\t<a rel=\"noopener noreferrer nofollow\" href=\"https:\/\/x.com\/share?url=https:\/\/kalendarzahrady.sk\/clanky\/zelenina\/\" target=\"_blank\" class=\" wd-social-icon social-twitter\" aria-label=\"X social link\">\n\t\t\t\t\t\t<span class=\"wd-icon\"><\/span>\n\t\t\t\t\t\t\t\t\t\t\t<\/a>\n\t\t\t\t\n\t\t\t\t\n\t\t\t\t\n\t\t\t\t\n\t\t\t\t\t\t\t\t\t<a rel=\"noopener noreferrer nofollow\" href=\"https:\/\/pinterest.com\/pin\/create\/button\/?url=https:\/\/kalendarzahrady.sk\/clanky\/zelenina\/&media=https:\/\/kalendarzahrady.sk\/wp-content\/uploads\/2023\/08\/najpalivejsie-papricky-na-svete.webp&description=Najp%C3%A1livej%C5%A1ie+papri%C4%8Dky+na+svete+%26%238211%3B+Za+hranicou+ostrosti\" target=\"_blank\" class=\" wd-social-icon social-pinterest\" aria-label=\"Pinterest social link\">\n\t\t\t\t\t\t<span class=\"wd-icon\"><\/span>\n\t\t\t\t\t\t\t\t\t\t\t<\/a>\n\t\t\t\t\n\t\t\t\t\n\t\t\t\t\t\t\t\t\t<a rel=\"noopener noreferrer nofollow\" href=\"https:\/\/www.linkedin.com\/shareArticle?mini=true&url=https:\/\/kalendarzahrady.sk\/clanky\/zelenina\/\" target=\"_blank\" class=\" wd-social-icon social-linkedin\" aria-label=\"Linkedin social link\">\n\t\t\t\t\t\t<span class=\"wd-icon\"><\/span>\n\t\t\t\t\t\t\t\t\t\t\t<\/a>\n\t\t\t\t\n\t\t\t\t\n\t\t\t\t\n\t\t\t\t\n\t\t\t\t\n\t\t\t\t\n\t\t\t\t\n\t\t\t\t\n\t\t\t\t\n\t\t\t\t\n\t\t\t\t\t\t\t\t\t<a rel=\"noopener noreferrer nofollow\" href=\"https:\/\/api.whatsapp.com\/send?text=https%3A%2F%2Fkalendarzahrady.sk%2Fclanky%2Fzelenina%2F\" target=\"_blank\" class=\"wd-hide-md  wd-social-icon social-whatsapp\" aria-label=\"WhatsApp social link\">\n\t\t\t\t\t\t<span class=\"wd-icon\"><\/span>\n\t\t\t\t\t\t\t\t\t\t\t<\/a>\n\n\t\t\t\t\t<a rel=\"noopener noreferrer nofollow\" href=\"whatsapp:\/\/send?text=https%3A%2F%2Fkalendarzahrady.sk%2Fclanky%2Fzelenina%2F\" target=\"_blank\" class=\"wd-hide-lg  wd-social-icon social-whatsapp\" aria-label=\"WhatsApp social link\">\n\t\t\t\t\t\t<span class=\"wd-icon\"><\/span>\n\t\t\t\t\t\t\t\t\t\t\t<\/a>\n\t\t\t\t\n\t\t\t\t\n\t\t\t\t\n\t\t\t\t\n\t\t\t\t\n\t\t\t\t\n\t\t\t\t\t\t\t\t\t<a rel=\"noopener noreferrer nofollow\" href=\"https:\/\/telegram.me\/share\/url?url=https:\/\/kalendarzahrady.sk\/clanky\/zelenina\/\" target=\"_blank\" class=\" wd-social-icon social-tg\" aria-label=\"Telegram social link\">\n\t\t\t\t\t\t<span class=\"wd-icon\"><\/span>\n\t\t\t\t\t\t\t\t\t\t\t<\/a>\n\t\t\t\t\n\t\t\t\t\n\t\t\t<\/div>\n\n\t\t\t\t\t\t\t\t\t<\/div>\n\t\t\t\t\t\t<\/div>\n\t\t\t\t\t<\/div>\n\t\t\t\t\t\t\t\n\t\t\t\t\t\t\t\t\t\t\t\t<div class=\"entry-content wd-post-desc\">\n\t\t\t\t\t\tNa tejto ceste si predstav\u00edme najp\u00e1livej\u0161ie papri\u010dky. Ur\u010dite za\u010dneme s kr\u00e1\u013eom ostrosti, Carolina Rea...\t\t\t\t\t<\/div>\n\t\t\t\t\n\t\t\t\t\t\t\t\t\t\t\t\t\t\t<p class=\"read-more-section\">\n\t\t\t\t\t\t<a class=\"btn-read-more more-link\" href=\"https:\/\/kalendarzahrady.sk\/najpalivejsie-papricky-na-svete-za-hranicou-ostrosti\/\">Pokra\u010dova\u0165 v \u010d\u00edtan\u00ed<\/a>\t\t\t\t\t<\/p>\n\t\t\t\t\t\t\t\t\t\t\t\t\t<\/div>\n\t<\/div>\n<\/article>\n\n\t\t\t\t\t\t\t\t\t\t\t\n<article id=\"post-7595\" class=\"wd-post blog-design-masonry blog-post-loop blog-style-bg wd-add-shadow wd-col post-7595 post type-post status-publish format-standard has-post-thumbnail hentry category-zelenina tag-trvanlivost-a-chut tag-uskladnenie-zeleniny tag-zelenina\">\n\t<div class=\"article-inner\">\n\t\t<header class=\"entry-header\">\n\t\t\t\t\t\t\t<figure class=\"entry-thumbnail\">\n\t\t\t\t\t\t\t\t\t\t\t<div class=\"post-img-wrapp\">\n\t\t\t\t\t\t\t<a href=\"https:\/\/kalendarzahrady.sk\/uskladnenie-zeleniny-na-zimu\/\">\n\t\t\t\t\t\t\t\t<img width=\"1120\" height=\"800\" src=\"https:\/\/kalendarzahrady.sk\/wp-content\/uploads\/2023\/08\/uskladnenie-zeleniny-na-zimu-1120x800.webp\" class=\"attachment-large size-large\" alt=\"Uskladnenie zeleniny na zimu\" decoding=\"async\" loading=\"lazy\" srcset=\"https:\/\/kalendarzahrady.sk\/wp-content\/uploads\/2023\/08\/uskladnenie-zeleniny-na-zimu-1120x800.webp 1120w, https:\/\/kalendarzahrady.sk\/wp-content\/uploads\/2023\/08\/uskladnenie-zeleniny-na-zimu-400x286.webp 400w, https:\/\/kalendarzahrady.sk\/wp-content\/uploads\/2023\/08\/uskladnenie-zeleniny-na-zimu-768x548.webp 768w, https:\/\/kalendarzahrady.sk\/wp-content\/uploads\/2023\/08\/uskladnenie-zeleniny-na-zimu-860x614.webp 860w, https:\/\/kalendarzahrady.sk\/wp-content\/uploads\/2023\/08\/uskladnenie-zeleniny-na-zimu-430x307.webp 430w, https:\/\/kalendarzahrady.sk\/wp-content\/uploads\/2023\/08\/uskladnenie-zeleniny-na-zimu-700x500.webp 700w, https:\/\/kalendarzahrady.sk\/wp-content\/uploads\/2023\/08\/uskladnenie-zeleniny-na-zimu-150x107.webp 150w, https:\/\/kalendarzahrady.sk\/wp-content\/uploads\/2023\/08\/uskladnenie-zeleniny-na-zimu.webp 1280w\" sizes=\"auto, (max-width: 1120px) 100vw, 1120px\" \/>\t\t\t\t\t\t\t<\/a>\n\t\t\t\t\t\t<\/div>\n\t\t\t\t\t\t<div class=\"post-image-mask\">\n\t\t\t\t\t\t\t<span><\/span>\n\t\t\t\t\t\t<\/div>\n\t\t\t\t\t\t\t\t\t<\/figure>\n\t\t\t\n\t\t\t\t\t\t<div class=\"wd-post-date wd-style-with-bg\">\n\t\t\t\t<span class=\"post-date-day\">\n\t\t\t\t\t04\t\t\t\t<\/span>\n\t\t\t\t<span class=\"post-date-month\">\n\t\t\t\t\taug\t\t\t\t<\/span>\n\t\t\t<\/div>\n\t\t\t\t<\/header>\n\n\t\t<div class=\"article-body-container\">\n\t\t\t\t\t\t\t<div class=\"meta-categories-wrapp\">\n\t\t\t\t\t<div class=\"meta-post-categories wd-post-cat wd-style-with-bg\">\n\t\t\t\t\t\t<a href=\"https:\/\/kalendarzahrady.sk\/clanky\/zelenina\/\" rel=\"category tag\">Zelenina<\/a>\t\t\t\t\t<\/div>\n\t\t\t\t<\/div>\n\t\t\t\n\t\t\t\t\t\t\t<h3 class=\"wd-entities-title title post-title\">\n\t\t\t\t\t<a href=\"https:\/\/kalendarzahrady.sk\/uskladnenie-zeleniny-na-zimu\/\" rel=\"bookmark\">Najlep\u0161ie sp\u00f4soby uskladnenia zeleniny na zimu: Tipy pre dlh\u00fa trvanlivos\u0165 a chu\u0165<\/a>\n\t\t\t\t<\/h3>\n\t\t\t\n\t\t\t\t\t\t\t<div class=\"entry-meta wd-entry-meta\">\n\t\t\t\t\t\t\t\t<ul class=\"entry-meta-list\">\n\t\t\t\t\t\t\t\t\t<li class=\"modified-date\">\n\t\t\t\t\t\t\t\t<time class=\"updated\" datetime=\"2024-02-03T12:44:41+01:00\">\n\t\t\t3. febru\u00e1ra 2024\t\t<\/time>\n\t\t\t\t\t\t\t<\/li>\n\n\t\t\t\t\t\n\t\t\t\t\t\t\t\t\t\t\t<li class=\"meta-author\">\n\t\t\t\t\t\t\t\t\t\t\t\t<span>By<\/span>\n\t\t\n\t\t\t\t\t<img alt='author-avatar' src='https:\/\/secure.gravatar.com\/avatar\/75720416be2b5e3608639cb9ba03b6dd?s=32&#038;d=mm&#038;r=g' srcset='https:\/\/secure.gravatar.com\/avatar\/75720416be2b5e3608639cb9ba03b6dd?s=64&#038;d=mm&#038;r=g 2x' class='avatar avatar-32 photo' height='32' width='32' loading='lazy' decoding='async'\/>\t\t\n\t\t<a href=\"https:\/\/kalendarzahrady.sk\/author\/admin-zahr\/\" class=\"author\" rel=\"author\">kalendarzahrady.sk<\/a>\n\t\t\t\t\t\t\t\t<\/li>\n\t\t\t\t\t\n\t\t\t\t\t\n\t\t\t\t\t\t\t\t\t\t\t\t<\/ul>\n\t\t\t\t\t\t<\/div>\n\t\t\t\t\t\t\t\t\t<div class=\"hovered-social-icons wd-tltp\">\n\t\t\t\t\t\t<div class=\"tooltip top\">\n\t\t\t\t\t\t\t<div class=\"tooltip-arrow\"><\/div>\n\t\t\t\t\t\t\t<div class=\"tooltip-inner\">\n\t\t\t\t\t\t\t\t\t\t\t<div id=\"\" class=\" wd-social-icons  wd-style-default wd-size-small social-share wd-shape-circle color-scheme-light text-center\">\n\t\t\t\t\n\t\t\t\t\n\t\t\t\t\t\t\t\t\t<a rel=\"noopener noreferrer nofollow\" href=\"https:\/\/www.facebook.com\/sharer\/sharer.php?u=https:\/\/kalendarzahrady.sk\/clanky\/zelenina\/\" target=\"_blank\" class=\" wd-social-icon social-facebook\" aria-label=\"Facebook social link\">\n\t\t\t\t\t\t<span class=\"wd-icon\"><\/span>\n\t\t\t\t\t\t\t\t\t\t\t<\/a>\n\t\t\t\t\n\t\t\t\t\t\t\t\t\t<a rel=\"noopener noreferrer nofollow\" href=\"https:\/\/x.com\/share?url=https:\/\/kalendarzahrady.sk\/clanky\/zelenina\/\" target=\"_blank\" class=\" wd-social-icon social-twitter\" aria-label=\"X social link\">\n\t\t\t\t\t\t<span class=\"wd-icon\"><\/span>\n\t\t\t\t\t\t\t\t\t\t\t<\/a>\n\t\t\t\t\n\t\t\t\t\n\t\t\t\t\n\t\t\t\t\n\t\t\t\t\t\t\t\t\t<a rel=\"noopener noreferrer nofollow\" href=\"https:\/\/pinterest.com\/pin\/create\/button\/?url=https:\/\/kalendarzahrady.sk\/clanky\/zelenina\/&media=https:\/\/kalendarzahrady.sk\/wp-content\/uploads\/2023\/08\/uskladnenie-zeleniny-na-zimu.webp&description=Najlep%C5%A1ie+sp%C3%B4soby+uskladnenia+zeleniny+na+zimu%3A+Tipy+pre+dlh%C3%BA+trvanlivos%C5%A5+a+chu%C5%A5\" target=\"_blank\" class=\" wd-social-icon social-pinterest\" aria-label=\"Pinterest social link\">\n\t\t\t\t\t\t<span class=\"wd-icon\"><\/span>\n\t\t\t\t\t\t\t\t\t\t\t<\/a>\n\t\t\t\t\n\t\t\t\t\n\t\t\t\t\t\t\t\t\t<a rel=\"noopener noreferrer nofollow\" href=\"https:\/\/www.linkedin.com\/shareArticle?mini=true&url=https:\/\/kalendarzahrady.sk\/clanky\/zelenina\/\" target=\"_blank\" class=\" wd-social-icon social-linkedin\" aria-label=\"Linkedin social link\">\n\t\t\t\t\t\t<span class=\"wd-icon\"><\/span>\n\t\t\t\t\t\t\t\t\t\t\t<\/a>\n\t\t\t\t\n\t\t\t\t\n\t\t\t\t\n\t\t\t\t\n\t\t\t\t\n\t\t\t\t\n\t\t\t\t\n\t\t\t\t\n\t\t\t\t\n\t\t\t\t\n\t\t\t\t\t\t\t\t\t<a rel=\"noopener noreferrer nofollow\" href=\"https:\/\/api.whatsapp.com\/send?text=https%3A%2F%2Fkalendarzahrady.sk%2Fclanky%2Fzelenina%2F\" target=\"_blank\" class=\"wd-hide-md  wd-social-icon social-whatsapp\" aria-label=\"WhatsApp social link\">\n\t\t\t\t\t\t<span class=\"wd-icon\"><\/span>\n\t\t\t\t\t\t\t\t\t\t\t<\/a>\n\n\t\t\t\t\t<a rel=\"noopener noreferrer nofollow\" href=\"whatsapp:\/\/send?text=https%3A%2F%2Fkalendarzahrady.sk%2Fclanky%2Fzelenina%2F\" target=\"_blank\" class=\"wd-hide-lg  wd-social-icon social-whatsapp\" aria-label=\"WhatsApp social link\">\n\t\t\t\t\t\t<span class=\"wd-icon\"><\/span>\n\t\t\t\t\t\t\t\t\t\t\t<\/a>\n\t\t\t\t\n\t\t\t\t\n\t\t\t\t\n\t\t\t\t\n\t\t\t\t\n\t\t\t\t\n\t\t\t\t\t\t\t\t\t<a rel=\"noopener noreferrer nofollow\" href=\"https:\/\/telegram.me\/share\/url?url=https:\/\/kalendarzahrady.sk\/clanky\/zelenina\/\" target=\"_blank\" class=\" wd-social-icon social-tg\" aria-label=\"Telegram social link\">\n\t\t\t\t\t\t<span class=\"wd-icon\"><\/span>\n\t\t\t\t\t\t\t\t\t\t\t<\/a>\n\t\t\t\t\n\t\t\t\t\n\t\t\t<\/div>\n\n\t\t\t\t\t\t\t\t\t<\/div>\n\t\t\t\t\t\t<\/div>\n\t\t\t\t\t<\/div>\n\t\t\t\t\t\t\t\n\t\t\t\t\t\t\t\t\t\t\t\t<div class=\"entry-content wd-post-desc\">\n\t\t\t\t\t\tSpr\u00e1vne uskladnenie zeleniny na zimu je kombin\u00e1ciou nieko\u013ek\u00fdch faktorov, vr\u00e1tane vo\u013eby spr\u00e1vnej zele...\t\t\t\t\t<\/div>\n\t\t\t\t\n\t\t\t\t\t\t\t\t\t\t\t\t\t\t<p class=\"read-more-section\">\n\t\t\t\t\t\t<a class=\"btn-read-more more-link\" href=\"https:\/\/kalendarzahrady.sk\/uskladnenie-zeleniny-na-zimu\/\">Pokra\u010dova\u0165 v \u010d\u00edtan\u00ed<\/a>\t\t\t\t\t<\/p>\n\t\t\t\t\t\t\t\t\t\t\t\t\t<\/div>\n\t<\/div>\n<\/article>\n\n\t\t\t\t\t\t\t\t\t\t\t\n<article id=\"post-1221\" class=\"wd-post blog-design-masonry blog-post-loop blog-style-bg wd-add-shadow wd-col post-1221 post type-post status-publish format-standard has-post-thumbnail hentry category-zelenina tag-zahrada tag-zelenina\">\n\t<div class=\"article-inner\">\n\t\t<header class=\"entry-header\">\n\t\t\t\t\t\t\t<figure class=\"entry-thumbnail\">\n\t\t\t\t\t\t\t\t\t\t\t<div class=\"post-img-wrapp\">\n\t\t\t\t\t\t\t<a href=\"https:\/\/kalendarzahrady.sk\/zelenina-zdrava-a-chutna-sucast-nasho-jedalnicka\/\">\n\t\t\t\t\t\t\t\t<img width=\"1258\" height=\"800\" src=\"https:\/\/kalendarzahrady.sk\/wp-content\/uploads\/2023\/03\/blog-zelenina-w-1258x800.webp\" class=\"attachment-large size-large\" alt=\"Zelenina \u2013 zdrav\u00e1 a chutn\u00e1 s\u00fa\u010das\u0165 n\u00e1\u0161ho jed\u00e1lni\u010dka\" decoding=\"async\" loading=\"lazy\" srcset=\"https:\/\/kalendarzahrady.sk\/wp-content\/uploads\/2023\/03\/blog-zelenina-w-1258x800.webp 1258w, https:\/\/kalendarzahrady.sk\/wp-content\/uploads\/2023\/03\/blog-zelenina-w-400x254.webp 400w, https:\/\/kalendarzahrady.sk\/wp-content\/uploads\/2023\/03\/blog-zelenina-w-768x488.webp 768w, https:\/\/kalendarzahrady.sk\/wp-content\/uploads\/2023\/03\/blog-zelenina-w-860x547.webp 860w, https:\/\/kalendarzahrady.sk\/wp-content\/uploads\/2023\/03\/blog-zelenina-w-430x273.webp 430w, https:\/\/kalendarzahrady.sk\/wp-content\/uploads\/2023\/03\/blog-zelenina-w-700x445.webp 700w, https:\/\/kalendarzahrady.sk\/wp-content\/uploads\/2023\/03\/blog-zelenina-w-150x95.webp 150w, https:\/\/kalendarzahrady.sk\/wp-content\/uploads\/2023\/03\/blog-zelenina-w-jpg.webp 1280w\" sizes=\"auto, (max-width: 1258px) 100vw, 1258px\" \/>\t\t\t\t\t\t\t<\/a>\n\t\t\t\t\t\t<\/div>\n\t\t\t\t\t\t<div class=\"post-image-mask\">\n\t\t\t\t\t\t\t<span><\/span>\n\t\t\t\t\t\t<\/div>\n\t\t\t\t\t\t\t\t\t<\/figure>\n\t\t\t\n\t\t\t\t\t\t<div class=\"wd-post-date wd-style-with-bg\">\n\t\t\t\t<span class=\"post-date-day\">\n\t\t\t\t\t23\t\t\t\t<\/span>\n\t\t\t\t<span class=\"post-date-month\">\n\t\t\t\t\tmar\t\t\t\t<\/span>\n\t\t\t<\/div>\n\t\t\t\t<\/header>\n\n\t\t<div class=\"article-body-container\">\n\t\t\t\t\t\t\t<div class=\"meta-categories-wrapp\">\n\t\t\t\t\t<div class=\"meta-post-categories wd-post-cat wd-style-with-bg\">\n\t\t\t\t\t\t<a href=\"https:\/\/kalendarzahrady.sk\/clanky\/zelenina\/\" rel=\"category tag\">Zelenina<\/a>\t\t\t\t\t<\/div>\n\t\t\t\t<\/div>\n\t\t\t\n\t\t\t\t\t\t\t<h3 class=\"wd-entities-title title post-title\">\n\t\t\t\t\t<a href=\"https:\/\/kalendarzahrady.sk\/zelenina-zdrava-a-chutna-sucast-nasho-jedalnicka\/\" rel=\"bookmark\">Zelenina &#8211; zdrav\u00e1 a chutn\u00e1 s\u00fa\u010das\u0165 n\u00e1\u0161ho jed\u00e1lni\u010dka<\/a>\n\t\t\t\t<\/h3>\n\t\t\t\n\t\t\t\t\t\t\t<div class=\"entry-meta wd-entry-meta\">\n\t\t\t\t\t\t\t\t<ul class=\"entry-meta-list\">\n\t\t\t\t\t\t\t\t\t<li class=\"modified-date\">\n\t\t\t\t\t\t\t\t<time class=\"updated\" datetime=\"2023-11-18T11:35:25+01:00\">\n\t\t\t18. novembra 2023\t\t<\/time>\n\t\t\t\t\t\t\t<\/li>\n\n\t\t\t\t\t\n\t\t\t\t\t\t\t\t\t\t\t<li class=\"meta-author\">\n\t\t\t\t\t\t\t\t\t\t\t\t<span>By<\/span>\n\t\t\n\t\t\t\t\t<img alt='author-avatar' src='https:\/\/secure.gravatar.com\/avatar\/75720416be2b5e3608639cb9ba03b6dd?s=32&#038;d=mm&#038;r=g' srcset='https:\/\/secure.gravatar.com\/avatar\/75720416be2b5e3608639cb9ba03b6dd?s=64&#038;d=mm&#038;r=g 2x' class='avatar avatar-32 photo' height='32' width='32' loading='lazy' decoding='async'\/>\t\t\n\t\t<a href=\"https:\/\/kalendarzahrady.sk\/author\/admin-zahr\/\" class=\"author\" rel=\"author\">kalendarzahrady.sk<\/a>\n\t\t\t\t\t\t\t\t<\/li>\n\t\t\t\t\t\n\t\t\t\t\t\n\t\t\t\t\t\t\t\t\t\t\t\t<\/ul>\n\t\t\t\t\t\t<\/div>\n\t\t\t\t\t\t\t\t\t<div class=\"hovered-social-icons wd-tltp\">\n\t\t\t\t\t\t<div class=\"tooltip top\">\n\t\t\t\t\t\t\t<div class=\"tooltip-arrow\"><\/div>\n\t\t\t\t\t\t\t<div class=\"tooltip-inner\">\n\t\t\t\t\t\t\t\t\t\t\t<div id=\"\" class=\" wd-social-icons  wd-style-default wd-size-small social-share wd-shape-circle color-scheme-light text-center\">\n\t\t\t\t\n\t\t\t\t\n\t\t\t\t\t\t\t\t\t<a rel=\"noopener noreferrer nofollow\" href=\"https:\/\/www.facebook.com\/sharer\/sharer.php?u=https:\/\/kalendarzahrady.sk\/clanky\/zelenina\/\" target=\"_blank\" class=\" wd-social-icon social-facebook\" aria-label=\"Facebook social link\">\n\t\t\t\t\t\t<span class=\"wd-icon\"><\/span>\n\t\t\t\t\t\t\t\t\t\t\t<\/a>\n\t\t\t\t\n\t\t\t\t\t\t\t\t\t<a rel=\"noopener noreferrer nofollow\" href=\"https:\/\/x.com\/share?url=https:\/\/kalendarzahrady.sk\/clanky\/zelenina\/\" target=\"_blank\" class=\" wd-social-icon social-twitter\" aria-label=\"X social link\">\n\t\t\t\t\t\t<span class=\"wd-icon\"><\/span>\n\t\t\t\t\t\t\t\t\t\t\t<\/a>\n\t\t\t\t\n\t\t\t\t\n\t\t\t\t\n\t\t\t\t\n\t\t\t\t\t\t\t\t\t<a rel=\"noopener noreferrer nofollow\" href=\"https:\/\/pinterest.com\/pin\/create\/button\/?url=https:\/\/kalendarzahrady.sk\/clanky\/zelenina\/&media=https:\/\/kalendarzahrady.sk\/wp-content\/uploads\/2023\/03\/blog-zelenina-w-jpg.webp&description=Zelenina+%26%238211%3B+zdrav%C3%A1+a+chutn%C3%A1+s%C3%BA%C4%8Das%C5%A5+n%C3%A1%C5%A1ho+jed%C3%A1lni%C4%8Dka\" target=\"_blank\" class=\" wd-social-icon social-pinterest\" aria-label=\"Pinterest social link\">\n\t\t\t\t\t\t<span class=\"wd-icon\"><\/span>\n\t\t\t\t\t\t\t\t\t\t\t<\/a>\n\t\t\t\t\n\t\t\t\t\n\t\t\t\t\t\t\t\t\t<a rel=\"noopener noreferrer nofollow\" href=\"https:\/\/www.linkedin.com\/shareArticle?mini=true&url=https:\/\/kalendarzahrady.sk\/clanky\/zelenina\/\" target=\"_blank\" class=\" wd-social-icon social-linkedin\" aria-label=\"Linkedin social link\">\n\t\t\t\t\t\t<span class=\"wd-icon\"><\/span>\n\t\t\t\t\t\t\t\t\t\t\t<\/a>\n\t\t\t\t\n\t\t\t\t\n\t\t\t\t\n\t\t\t\t\n\t\t\t\t\n\t\t\t\t\n\t\t\t\t\n\t\t\t\t\n\t\t\t\t\n\t\t\t\t\n\t\t\t\t\t\t\t\t\t<a rel=\"noopener noreferrer nofollow\" href=\"https:\/\/api.whatsapp.com\/send?text=https%3A%2F%2Fkalendarzahrady.sk%2Fclanky%2Fzelenina%2F\" target=\"_blank\" class=\"wd-hide-md  wd-social-icon social-whatsapp\" aria-label=\"WhatsApp social link\">\n\t\t\t\t\t\t<span class=\"wd-icon\"><\/span>\n\t\t\t\t\t\t\t\t\t\t\t<\/a>\n\n\t\t\t\t\t<a rel=\"noopener noreferrer nofollow\" href=\"whatsapp:\/\/send?text=https%3A%2F%2Fkalendarzahrady.sk%2Fclanky%2Fzelenina%2F\" target=\"_blank\" class=\"wd-hide-lg  wd-social-icon social-whatsapp\" aria-label=\"WhatsApp social link\">\n\t\t\t\t\t\t<span class=\"wd-icon\"><\/span>\n\t\t\t\t\t\t\t\t\t\t\t<\/a>\n\t\t\t\t\n\t\t\t\t\n\t\t\t\t\n\t\t\t\t\n\t\t\t\t\n\t\t\t\t\n\t\t\t\t\t\t\t\t\t<a rel=\"noopener noreferrer nofollow\" href=\"https:\/\/telegram.me\/share\/url?url=https:\/\/kalendarzahrady.sk\/clanky\/zelenina\/\" target=\"_blank\" class=\" wd-social-icon social-tg\" aria-label=\"Telegram social link\">\n\t\t\t\t\t\t<span class=\"wd-icon\"><\/span>\n\t\t\t\t\t\t\t\t\t\t\t<\/a>\n\t\t\t\t\n\t\t\t\t\n\t\t\t<\/div>\n\n\t\t\t\t\t\t\t\t\t<\/div>\n\t\t\t\t\t\t<\/div>\n\t\t\t\t\t<\/div>\n\t\t\t\t\t\t\t\n\t\t\t\t\t\t\t\t\t\t\t\t<div class=\"entry-content wd-post-desc\">\n\t\t\t\t\t\tZelenina je pre v\u00e4\u010d\u0161inu z n\u00e1s be\u017enou s\u00fa\u010das\u0165ou jed\u00e1lni\u010dka. Obsahuje mno\u017estvo d\u00f4le\u017eit\u00fdch vitam\u00ednov a m...\t\t\t\t\t<\/div>\n\t\t\t\t\n\t\t\t\t\t\t\t\t\t\t\t\t\t\t<p class=\"read-more-section\">\n\t\t\t\t\t\t<a class=\"btn-read-more more-link\" href=\"https:\/\/kalendarzahrady.sk\/zelenina-zdrava-a-chutna-sucast-nasho-jedalnicka\/\">Pokra\u010dova\u0165 v \u010d\u00edtan\u00ed<\/a>\t\t\t\t\t<\/p>\n\t\t\t\t\t\t\t\t\t\t\t\t\t<\/div>\n\t<\/div>\n<\/article>\n\n\t\t\t\t\t\t\t\t\t\t\t\n<article id=\"post-368\" class=\"wd-post blog-design-masonry blog-post-loop blog-style-bg wd-add-shadow wd-col post-368 post type-post status-publish format-standard has-post-thumbnail hentry category-zelenina tag-ako-pestovat-zeleninu tag-zelenina\">\n\t<div class=\"article-inner\">\n\t\t<header class=\"entry-header\">\n\t\t\t\t\t\t\t<figure class=\"entry-thumbnail\">\n\t\t\t\t\t\t\t\t\t\t\t<div class=\"post-img-wrapp\">\n\t\t\t\t\t\t\t<a href=\"https:\/\/kalendarzahrady.sk\/top-5-zelenin-jarne-pestovanie-zeleniny-v-zahrade\/\">\n\t\t\t\t\t\t\t\t<img width=\"1120\" height=\"800\" src=\"https:\/\/kalendarzahrady.sk\/wp-content\/uploads\/2023\/02\/blog-top5-w-1120x800.webp\" class=\"attachment-large size-large\" alt=\"Top 5 zelen\u00edn \u2013 jarn\u00e9 pestovanie zeleniny v z\u00e1hrade\" decoding=\"async\" loading=\"lazy\" srcset=\"https:\/\/kalendarzahrady.sk\/wp-content\/uploads\/2023\/02\/blog-top5-w-1120x800.webp 1120w, https:\/\/kalendarzahrady.sk\/wp-content\/uploads\/2023\/02\/blog-top5-w-400x286.webp 400w, https:\/\/kalendarzahrady.sk\/wp-content\/uploads\/2023\/02\/blog-top5-w-768x548.webp 768w, https:\/\/kalendarzahrady.sk\/wp-content\/uploads\/2023\/02\/blog-top5-w-1536x1097.webp 1536w, https:\/\/kalendarzahrady.sk\/wp-content\/uploads\/2023\/02\/blog-top5-w-860x614.webp 860w, https:\/\/kalendarzahrady.sk\/wp-content\/uploads\/2023\/02\/blog-top5-w-430x307.webp 430w, https:\/\/kalendarzahrady.sk\/wp-content\/uploads\/2023\/02\/blog-top5-w-700x500.webp 700w, https:\/\/kalendarzahrady.sk\/wp-content\/uploads\/2023\/02\/blog-top5-w-150x107.webp 150w, https:\/\/kalendarzahrady.sk\/wp-content\/uploads\/2023\/02\/blog-top5-w-jpg.webp 1920w\" sizes=\"auto, (max-width: 1120px) 100vw, 1120px\" \/>\t\t\t\t\t\t\t<\/a>\n\t\t\t\t\t\t<\/div>\n\t\t\t\t\t\t<div class=\"post-image-mask\">\n\t\t\t\t\t\t\t<span><\/span>\n\t\t\t\t\t\t<\/div>\n\t\t\t\t\t\t\t\t\t<\/figure>\n\t\t\t\n\t\t\t\t\t\t<div class=\"wd-post-date wd-style-with-bg\">\n\t\t\t\t<span class=\"post-date-day\">\n\t\t\t\t\t22\t\t\t\t<\/span>\n\t\t\t\t<span class=\"post-date-month\">\n\t\t\t\t\tfeb\t\t\t\t<\/span>\n\t\t\t<\/div>\n\t\t\t\t<\/header>\n\n\t\t<div class=\"article-body-container\">\n\t\t\t\t\t\t\t<div class=\"meta-categories-wrapp\">\n\t\t\t\t\t<div class=\"meta-post-categories wd-post-cat wd-style-with-bg\">\n\t\t\t\t\t\t<a href=\"https:\/\/kalendarzahrady.sk\/clanky\/zelenina\/\" rel=\"category tag\">Zelenina<\/a>\t\t\t\t\t<\/div>\n\t\t\t\t<\/div>\n\t\t\t\n\t\t\t\t\t\t\t<h3 class=\"wd-entities-title title post-title\">\n\t\t\t\t\t<a href=\"https:\/\/kalendarzahrady.sk\/top-5-zelenin-jarne-pestovanie-zeleniny-v-zahrade\/\" rel=\"bookmark\">Top 5 zelen\u00edn &#8211; jarn\u00e9 pestovanie zeleniny v z\u00e1hrade<\/a>\n\t\t\t\t<\/h3>\n\t\t\t\n\t\t\t\t\t\t\t<div class=\"entry-meta wd-entry-meta\">\n\t\t\t\t\t\t\t\t<ul class=\"entry-meta-list\">\n\t\t\t\t\t\t\t\t\t<li class=\"modified-date\">\n\t\t\t\t\t\t\t\t<time class=\"updated\" datetime=\"2024-02-03T12:51:48+01:00\">\n\t\t\t3. febru\u00e1ra 2024\t\t<\/time>\n\t\t\t\t\t\t\t<\/li>\n\n\t\t\t\t\t\n\t\t\t\t\t\t\t\t\t\t\t<li class=\"meta-author\">\n\t\t\t\t\t\t\t\t\t\t\t\t<span>By<\/span>\n\t\t\n\t\t\t\t\t<img alt='author-avatar' src='https:\/\/secure.gravatar.com\/avatar\/75720416be2b5e3608639cb9ba03b6dd?s=32&#038;d=mm&#038;r=g' srcset='https:\/\/secure.gravatar.com\/avatar\/75720416be2b5e3608639cb9ba03b6dd?s=64&#038;d=mm&#038;r=g 2x' class='avatar avatar-32 photo' height='32' width='32' loading='lazy' decoding='async'\/>\t\t\n\t\t<a href=\"https:\/\/kalendarzahrady.sk\/author\/admin-zahr\/\" class=\"author\" rel=\"author\">kalendarzahrady.sk<\/a>\n\t\t\t\t\t\t\t\t<\/li>\n\t\t\t\t\t\n\t\t\t\t\t\n\t\t\t\t\t\t\t\t\t\t\t\t<\/ul>\n\t\t\t\t\t\t<\/div>\n\t\t\t\t\t\t\t\t\t<div class=\"hovered-social-icons wd-tltp\">\n\t\t\t\t\t\t<div class=\"tooltip top\">\n\t\t\t\t\t\t\t<div class=\"tooltip-arrow\"><\/div>\n\t\t\t\t\t\t\t<div class=\"tooltip-inner\">\n\t\t\t\t\t\t\t\t\t\t\t<div id=\"\" class=\" wd-social-icons  wd-style-default wd-size-small social-share wd-shape-circle color-scheme-light text-center\">\n\t\t\t\t\n\t\t\t\t\n\t\t\t\t\t\t\t\t\t<a rel=\"noopener noreferrer nofollow\" href=\"https:\/\/www.facebook.com\/sharer\/sharer.php?u=https:\/\/kalendarzahrady.sk\/clanky\/zelenina\/\" target=\"_blank\" class=\" wd-social-icon social-facebook\" aria-label=\"Facebook social link\">\n\t\t\t\t\t\t<span class=\"wd-icon\"><\/span>\n\t\t\t\t\t\t\t\t\t\t\t<\/a>\n\t\t\t\t\n\t\t\t\t\t\t\t\t\t<a rel=\"noopener noreferrer nofollow\" href=\"https:\/\/x.com\/share?url=https:\/\/kalendarzahrady.sk\/clanky\/zelenina\/\" target=\"_blank\" class=\" wd-social-icon social-twitter\" aria-label=\"X social link\">\n\t\t\t\t\t\t<span class=\"wd-icon\"><\/span>\n\t\t\t\t\t\t\t\t\t\t\t<\/a>\n\t\t\t\t\n\t\t\t\t\n\t\t\t\t\n\t\t\t\t\n\t\t\t\t\t\t\t\t\t<a rel=\"noopener noreferrer nofollow\" href=\"https:\/\/pinterest.com\/pin\/create\/button\/?url=https:\/\/kalendarzahrady.sk\/clanky\/zelenina\/&media=https:\/\/kalendarzahrady.sk\/wp-content\/uploads\/2023\/02\/blog-top5-w-jpg.webp&description=Top+5+zelen%C3%ADn+%26%238211%3B+jarn%C3%A9+pestovanie+zeleniny+v+z%C3%A1hrade\" target=\"_blank\" class=\" wd-social-icon social-pinterest\" aria-label=\"Pinterest social link\">\n\t\t\t\t\t\t<span class=\"wd-icon\"><\/span>\n\t\t\t\t\t\t\t\t\t\t\t<\/a>\n\t\t\t\t\n\t\t\t\t\n\t\t\t\t\t\t\t\t\t<a rel=\"noopener noreferrer nofollow\" href=\"https:\/\/www.linkedin.com\/shareArticle?mini=true&url=https:\/\/kalendarzahrady.sk\/clanky\/zelenina\/\" target=\"_blank\" class=\" wd-social-icon social-linkedin\" aria-label=\"Linkedin social link\">\n\t\t\t\t\t\t<span class=\"wd-icon\"><\/span>\n\t\t\t\t\t\t\t\t\t\t\t<\/a>\n\t\t\t\t\n\t\t\t\t\n\t\t\t\t\n\t\t\t\t\n\t\t\t\t\n\t\t\t\t\n\t\t\t\t\n\t\t\t\t\n\t\t\t\t\n\t\t\t\t\n\t\t\t\t\t\t\t\t\t<a rel=\"noopener noreferrer nofollow\" href=\"https:\/\/api.whatsapp.com\/send?text=https%3A%2F%2Fkalendarzahrady.sk%2Fclanky%2Fzelenina%2F\" target=\"_blank\" class=\"wd-hide-md  wd-social-icon social-whatsapp\" aria-label=\"WhatsApp social link\">\n\t\t\t\t\t\t<span class=\"wd-icon\"><\/span>\n\t\t\t\t\t\t\t\t\t\t\t<\/a>\n\n\t\t\t\t\t<a rel=\"noopener noreferrer nofollow\" href=\"whatsapp:\/\/send?text=https%3A%2F%2Fkalendarzahrady.sk%2Fclanky%2Fzelenina%2F\" target=\"_blank\" class=\"wd-hide-lg  wd-social-icon social-whatsapp\" aria-label=\"WhatsApp social link\">\n\t\t\t\t\t\t<span class=\"wd-icon\"><\/span>\n\t\t\t\t\t\t\t\t\t\t\t<\/a>\n\t\t\t\t\n\t\t\t\t\n\t\t\t\t\n\t\t\t\t\n\t\t\t\t\n\t\t\t\t\n\t\t\t\t\t\t\t\t\t<a rel=\"noopener noreferrer nofollow\" href=\"https:\/\/telegram.me\/share\/url?url=https:\/\/kalendarzahrady.sk\/clanky\/zelenina\/\" target=\"_blank\" class=\" wd-social-icon social-tg\" aria-label=\"Telegram social link\">\n\t\t\t\t\t\t<span class=\"wd-icon\"><\/span>\n\t\t\t\t\t\t\t\t\t\t\t<\/a>\n\t\t\t\t\n\t\t\t\t\n\t\t\t<\/div>\n\n\t\t\t\t\t\t\t\t\t<\/div>\n\t\t\t\t\t\t<\/div>\n\t\t\t\t\t<\/div>\n\t\t\t\t\t\t\t\n\t\t\t\t\t\t\t\t\t\t\t\t<div class=\"entry-content wd-post-desc\">\n\t\t\t\t\t\tPestovanie zeleniny je \u010dasto spojen\u00e9 s r\u00f4znymi v\u00fdzvami, m\u00f4\u017ee by\u0165 u\u017eito\u010dn\u00e9 za\u010da\u0165 s t\u00fdmito zeleninami,...\t\t\t\t\t<\/div>\n\t\t\t\t\n\t\t\t\t\t\t\t\t\t\t\t\t\t\t<p class=\"read-more-section\">\n\t\t\t\t\t\t<a class=\"btn-read-more more-link\" href=\"https:\/\/kalendarzahrady.sk\/top-5-zelenin-jarne-pestovanie-zeleniny-v-zahrade\/\">Pokra\u010dova\u0165 v \u010d\u00edtan\u00ed<\/a>\t\t\t\t\t<\/p>\n\t\t\t\t\t\t\t\t\t\t\t\t\t<\/div>\n\t<\/div>\n<\/article>\n\n\t\t\t\t\t\n\t\t\t\t\t","status":"no-more-posts","nextPage":"?woo_ajax=1","currentPage":"https:\/\/kalendarzahrady.sk\/clanky\/zelenina\/page\/2"}